{"id":438,"date":"2021-06-03T15:04:00","date_gmt":"2021-06-03T15:04:00","guid":{"rendered":"https:\/\/www.educacionmediatica.es\/?p=438"},"modified":"2023-06-09T09:21:54","modified_gmt":"2023-06-09T09:21:54","slug":"investigacion-sobre-educomunicacion-con-fines-sociales-hacia-una-educomunicacion-solidaria-etica-y-feminista","status":"publish","type":"post","link":"https:\/\/www.educacionmediatica.es\/index.php\/2021\/06\/03\/investigacion-sobre-educomunicacion-con-fines-sociales-hacia-una-educomunicacion-solidaria-etica-y-feminista\/","title":{"rendered":"Investigaci\u00f3n sobre educomunicaci\u00f3n con fines sociales. Hacia una educomunicaci\u00f3n solidaria, \u00e9tica y feminista"},"content":{"rendered":"\n<p>Es el cap\u00edtulo del libro, <strong>Investigar en Entornos Educomunicativos: teor\u00eda y pr\u00e1ctica cient\u00edfica, relacionado con el proyecto Intern\u00e9tica<\/strong>. Escrito por las investigadoras Susana de Andr\u00e9s, Roc\u00edo Collado y Maria Cruz Alvarado<\/p>\n\n\n\n<p><a href=\"https:\/\/cervantes.com\/libro\/9788418614347\/investigar-en-comunicacion-y-educacion-teoria-y-practica-cientifica\/\">Link al libro<\/a><\/p>\n\n\n\n<figure class=\"wp-block-image size-large\"><img decoding=\"async\" src=\"https:\/\/cervantes.com\/imagen.php?ean=9788418614347&amp;ancho=250\" alt=\"\"\/><\/figure>\n\n\n\n<p>De Andr\u00e9s, S.; Collado, R.; Alvarado, M.C. (2021). Investigaci\u00f3n sobre educomunicaci\u00f3n con fines sociales. Hacia una educomunicaci\u00f3n solidaria, \u00e9tica y feminista. En J. Gil Quintana, J.L. Parejo y C.Cantillo (coords). Investigar en Entornos Educomunicativos: teor\u00eda y pr\u00e1ctica cient\u00edfica (en edici\u00f3n). Tirant Lo Blanch. pp.271-294. ISBN. 978-84-1861-434-7.<\/p>\n","protected":false},"excerpt":{"rendered":"<p>Es el cap\u00edtulo del libro, Investigar en Entornos Educomunicativos: teor\u00eda y pr\u00e1ctica cient\u00edfica, relacionado con el proyecto Intern\u00e9tica. Escrito por las investigadoras Susana de Andr\u00e9s, Roc\u00edo Collado y Maria Cruz Alvarado Link al libro De Andr\u00e9s, S.; Collado, R.; Alvarado, M.C. (2021). Investigaci\u00f3n sobre educomunicaci\u00f3n con fines sociales. Hacia una educomunicaci\u00f3n solidaria, \u00e9tica y feminista. [&hellip;]<\/p>\n","protected":false},"author":3,"featured_media":0,"comment_status":"open","ping_status":"open","sticky":false,"template":"","format":"standard","meta":{"footnotes":""},"categories":[21,18],"tags":[27,38,37],"class_list":["post-438","post","type-post","status-publish","format-standard","hentry","category-capitulos-de-libro","category-publicaciones","tag-maria-cruz-alvarado","tag-rocio-collado","tag-susana-de-andres"],"_links":{"self":[{"href":"https:\/\/www.educacionmediatica.es\/index.php\/wp-json\/wp\/v2\/posts\/438","targetHints":{"allow":["GET"]}}],"collection":[{"href":"https:\/\/www.educacionmediatica.es\/index.php\/wp-json\/wp\/v2\/posts"}],"about":[{"href":"https:\/\/www.educacionmediatica.es\/index.php\/wp-json\/wp\/v2\/types\/post"}],"author":[{"embeddable":true,"href":"https:\/\/www.educacionmediatica.es\/index.php\/wp-json\/wp\/v2\/users\/3"}],"replies":[{"embeddable":true,"href":"https:\/\/www.educacionmediatica.es\/index.php\/wp-json\/wp\/v2\/comments?post=438"}],"version-history":[{"count":1,"href":"https:\/\/www.educacionmediatica.es\/index.php\/wp-json\/wp\/v2\/posts\/438\/revisions"}],"predecessor-version":[{"id":440,"href":"https:\/\/www.educacionmediatica.es\/index.php\/wp-json\/wp\/v2\/posts\/438\/revisions\/440"}],"wp:attachment":[{"href":"https:\/\/www.educacionmediatica.es\/index.php\/wp-json\/wp\/v2\/media?parent=438"}],"wp:term":[{"taxonomy":"category","embeddable":true,"href":"https:\/\/www.educacionmediatica.es\/index.php\/wp-json\/wp\/v2\/categories?post=438"},{"taxonomy":"post_tag","embeddable":true,"href":"https:\/\/www.educacionmediatica.es\/index.php\/wp-json\/wp\/v2\/tags?post=438"}],"curies":[{"name":"wp","href":"https:\/\/api.w.org\/{rel}","templated":true}]}}