{"id":442,"date":"2021-09-27T09:00:00","date_gmt":"2021-09-27T09:00:00","guid":{"rendered":"https:\/\/www.educacionmediatica.es\/?p=442"},"modified":"2023-06-15T12:42:01","modified_gmt":"2023-06-15T12:42:01","slug":"seguimos-confiando-en-las-redes-sociales-un-estudio-sobre-la-valoracion-de-las-redes-y-su-publicidad","status":"publish","type":"post","link":"https:\/\/www.educacionmediatica.es\/index.php\/2021\/09\/27\/seguimos-confiando-en-las-redes-sociales-un-estudio-sobre-la-valoracion-de-las-redes-y-su-publicidad\/","title":{"rendered":"\u00bfSeguimos confiando en las redes sociales? Un estudio sobre la valoraci\u00f3n de las redes y su publicidad"},"content":{"rendered":"\n<p>Es el cap\u00edtulo del libro, <strong>El papel de las redes sociales en el ecosistema educomunicativo<\/strong> en tiempos de COVID-19, relacionado con el proyecto <a href=\"https:\/\/www.educacionmediatica.es\/index.php\/internetica\/\" data-type=\"page\" data-id=\"314\">Intern\u00e9tica<\/a>. Escrito por las investigadoras Belinda de Frutos y Ana Pastor.<\/p>\n\n\n\n<p><a href=\"https:\/\/www.ingebook.com\/ib\/NPcd\/IB_BooksVis?cod_primaria=1000187&amp;codigo_libro=10584\">Link al libro<\/a><\/p>\n\n\n\n<figure class=\"wp-block-image size-large\"><img decoding=\"async\" src=\"https:\/\/www.ingebook.com\/ib\/pimg\/Ingebook\/00100_0000005437_10584.JPG\" alt=\"\"\/><\/figure>\n\n\n\n<p>De-Frutos-Torres, B., Pastor-Rodr\u00edguez, A. (2021). \u00bfSeguimos confiando en las redes sociales? Un estudio sobre la valoraci\u00f3n de las redes y su publicidad. En Cosmovisi\u00f3n de la comunicaci\u00f3n en redes sociales en la era postdigital. Coord. Javier Serra S\u00e1nchez y Almudena Barrientos B\u00e1ez. McGrawHill. pp. 1141-1157.<\/p>\n","protected":false},"excerpt":{"rendered":"<p>Es el cap\u00edtulo del libro, El papel de las redes sociales en el ecosistema educomunicativo en tiempos de COVID-19, relacionado con el proyecto Intern\u00e9tica. Escrito por las investigadoras Belinda de Frutos y Ana Pastor. Link al libro De-Frutos-Torres, B., Pastor-Rodr\u00edguez, A. (2021). \u00bfSeguimos confiando en las redes sociales? Un estudio sobre la valoraci\u00f3n de las [&hellip;]<\/p>\n","protected":false},"author":3,"featured_media":443,"comment_status":"open","ping_status":"open","sticky":false,"template":"","format":"standard","meta":{"footnotes":""},"categories":[21,18],"tags":[54,25],"class_list":["post-442","post","type-post","status-publish","format-standard","has-post-thumbnail","hentry","category-capitulos-de-libro","category-publicaciones","tag-ana-pastor","tag-belinda-de-frutos"],"_links":{"self":[{"href":"https:\/\/www.educacionmediatica.es\/index.php\/wp-json\/wp\/v2\/posts\/442","targetHints":{"allow":["GET"]}}],"collection":[{"href":"https:\/\/www.educacionmediatica.es\/index.php\/wp-json\/wp\/v2\/posts"}],"about":[{"href":"https:\/\/www.educacionmediatica.es\/index.php\/wp-json\/wp\/v2\/types\/post"}],"author":[{"embeddable":true,"href":"https:\/\/www.educacionmediatica.es\/index.php\/wp-json\/wp\/v2\/users\/3"}],"replies":[{"embeddable":true,"href":"https:\/\/www.educacionmediatica.es\/index.php\/wp-json\/wp\/v2\/comments?post=442"}],"version-history":[{"count":1,"href":"https:\/\/www.educacionmediatica.es\/index.php\/wp-json\/wp\/v2\/posts\/442\/revisions"}],"predecessor-version":[{"id":444,"href":"https:\/\/www.educacionmediatica.es\/index.php\/wp-json\/wp\/v2\/posts\/442\/revisions\/444"}],"wp:featuredmedia":[{"embeddable":true,"href":"https:\/\/www.educacionmediatica.es\/index.php\/wp-json\/wp\/v2\/media\/443"}],"wp:attachment":[{"href":"https:\/\/www.educacionmediatica.es\/index.php\/wp-json\/wp\/v2\/media?parent=442"}],"wp:term":[{"taxonomy":"category","embeddable":true,"href":"https:\/\/www.educacionmediatica.es\/index.php\/wp-json\/wp\/v2\/categories?post=442"},{"taxonomy":"post_tag","embeddable":true,"href":"https:\/\/www.educacionmediatica.es\/index.php\/wp-json\/wp\/v2\/tags?post=442"}],"curies":[{"name":"wp","href":"https:\/\/api.w.org\/{rel}","templated":true}]}}