{"id":445,"date":"2021-08-27T09:08:00","date_gmt":"2021-08-27T09:08:00","guid":{"rendered":"https:\/\/www.educacionmediatica.es\/?p=445"},"modified":"2023-07-06T11:16:58","modified_gmt":"2023-07-06T11:16:58","slug":"de-la-television-totem-a-la-metatelevision-ubicua-una-nueva-vision-educomunicativa-de-un-servicio-publico-imprescindible","status":"publish","type":"post","link":"https:\/\/www.educacionmediatica.es\/index.php\/2021\/08\/27\/de-la-television-totem-a-la-metatelevision-ubicua-una-nueva-vision-educomunicativa-de-un-servicio-publico-imprescindible\/","title":{"rendered":"De la televisi\u00f3n totem a la metatelevisi\u00f3n ubicua: una nueva visi\u00f3n educomunicativa de un servicio p\u00fablico imprescindible"},"content":{"rendered":"\n<p>Es el cap\u00edtulo del libro, <strong> Educomunicaci\u00f3n Y Empoderamiento En El Nuevo Mundo Post-covid<\/strong>, relacionado con el proyecto <a href=\"https:\/\/www.educacionmediatica.es\/index.php\/internetica\/\" data-type=\"page\" data-id=\"314\">Intern\u00e9tica<\/a>. Escrito por Agust\u00edn Garc\u00eda Matilla.<\/p>\n\n\n\n<p><a href=\"https:\/\/editorial.tirant.com\/es\/libro\/educomunicacion-y-empoderamiento-en-el-nuevo-mundo-post-covid-9788418656477\">Link al libro<\/a><\/p>\n\n\n\n<figure class=\"wp-block-image size-large\"><img decoding=\"async\" src=\"https:\/\/www.fragua.es\/wp-content\/uploads\/9788418656477.jpg\" alt=\"\"\/><\/figure>\n\n\n\n<p>Garc\u00eda-Matilla, Agust\u00edn (2021). De La Televisi\u00f3n Totem A La Metatelevisi\u00f3n Ubicua: Una Nueva Visi\u00f3n Educomunicativa De Un Servicio P\u00fablico Imprescindible. En \u201cEducomunicaci\u00f3n Y Empoderamiento En El Nuevo Mundo Post-covid\u201d. Editores Ignacio Aguaded Y M. Amor P\u00e9rez-rodr\u00edguez. Tirant Lo Blanch.<\/p>\n","protected":false},"excerpt":{"rendered":"<p>Es el cap\u00edtulo del libro, Educomunicaci\u00f3n Y Empoderamiento En El Nuevo Mundo Post-covid, relacionado con el proyecto Intern\u00e9tica. Escrito por Agust\u00edn Garc\u00eda Matilla. Link al libro Garc\u00eda-Matilla, Agust\u00edn (2021). De La Televisi\u00f3n Totem A La Metatelevisi\u00f3n Ubicua: Una Nueva Visi\u00f3n Educomunicativa De Un Servicio P\u00fablico Imprescindible. En \u201cEducomunicaci\u00f3n Y Empoderamiento En El Nuevo Mundo Post-covid\u201d. [&hellip;]<\/p>\n","protected":false},"author":3,"featured_media":446,"comment_status":"open","ping_status":"open","sticky":false,"template":"","format":"standard","meta":{"footnotes":""},"categories":[21,18],"tags":[24],"class_list":["post-445","post","type-post","status-publish","format-standard","has-post-thumbnail","hentry","category-capitulos-de-libro","category-publicaciones","tag-agustin-garcia-matilla"],"_links":{"self":[{"href":"https:\/\/www.educacionmediatica.es\/index.php\/wp-json\/wp\/v2\/posts\/445","targetHints":{"allow":["GET"]}}],"collection":[{"href":"https:\/\/www.educacionmediatica.es\/index.php\/wp-json\/wp\/v2\/posts"}],"about":[{"href":"https:\/\/www.educacionmediatica.es\/index.php\/wp-json\/wp\/v2\/types\/post"}],"author":[{"embeddable":true,"href":"https:\/\/www.educacionmediatica.es\/index.php\/wp-json\/wp\/v2\/users\/3"}],"replies":[{"embeddable":true,"href":"https:\/\/www.educacionmediatica.es\/index.php\/wp-json\/wp\/v2\/comments?post=445"}],"version-history":[{"count":2,"href":"https:\/\/www.educacionmediatica.es\/index.php\/wp-json\/wp\/v2\/posts\/445\/revisions"}],"predecessor-version":[{"id":980,"href":"https:\/\/www.educacionmediatica.es\/index.php\/wp-json\/wp\/v2\/posts\/445\/revisions\/980"}],"wp:featuredmedia":[{"embeddable":true,"href":"https:\/\/www.educacionmediatica.es\/index.php\/wp-json\/wp\/v2\/media\/446"}],"wp:attachment":[{"href":"https:\/\/www.educacionmediatica.es\/index.php\/wp-json\/wp\/v2\/media?parent=445"}],"wp:term":[{"taxonomy":"category","embeddable":true,"href":"https:\/\/www.educacionmediatica.es\/index.php\/wp-json\/wp\/v2\/categories?post=445"},{"taxonomy":"post_tag","embeddable":true,"href":"https:\/\/www.educacionmediatica.es\/index.php\/wp-json\/wp\/v2\/tags?post=445"}],"curies":[{"name":"wp","href":"https:\/\/api.w.org\/{rel}","templated":true}]}}