{"id":448,"date":"2021-02-25T09:00:00","date_gmt":"2021-02-25T09:00:00","guid":{"rendered":"https:\/\/www.educacionmediatica.es\/?p=448"},"modified":"2023-07-03T12:39:09","modified_gmt":"2023-07-03T12:39:09","slug":"viralidad-prosumidores-y-educacion-mediatica-el-caso-de-george-floyd","status":"publish","type":"post","link":"https:\/\/www.educacionmediatica.es\/index.php\/2021\/02\/25\/viralidad-prosumidores-y-educacion-mediatica-el-caso-de-george-floyd\/","title":{"rendered":"Viralidad, prosumidores y educaci\u00f3n medi\u00e1tica: El caso de George Floyd"},"content":{"rendered":"\n<p>Es una comunicaci\u00f3n del V Congreso Internacional Alfamed, titulado <strong>Redes sociales y ciudadan\u00eda: Hacia un mundo ciberconectado y empoderado<\/strong>, relacionado con el proyecto <a href=\"https:\/\/www.educacionmediatica.es\/index.php\/internetica\/\" data-type=\"page\" data-id=\"314\">Intern\u00e9tica<\/a>. Escrito por los investigadores Alfonso Gutierrez Mart\u00edn y Laura Picazo Sanchez.<\/p>\n\n\n\n<p>Puedes acceder al texto completo a trav\u00e9s de las actas del congreso <a href=\"https:\/\/www.researchgate.net\/publication\/344765070_Redes_sociales_y_ciudadania_Hacia_un_mundo_ciberconectado_y_empoderado\" data-type=\"URL\" data-id=\"https:\/\/www.researchgate.net\/publication\/344765070_Redes_sociales_y_ciudadania_Hacia_un_mundo_ciberconectado_y_empoderado\">aqu\u00ed.<\/a><\/p>\n\n\n\n<p>Se parte de influencia de los medios y redes sociales para analizar el papel de los \u00abprosumers\u00bb (productores, reproductores y consumidores) y su participaci\u00f3n en el fen\u00f3meno viral. Se abordan los conceptos de \u00abviralidad\u00bb y \u00abprosumer\u00bb y su importancia en la construcci\u00f3n de la realidad en la era de la postverdad. La comunicaci\u00f3n viral y el papel de los emisores, receptores y redifusores se analizan el caso George Floyd, cuya agresi\u00f3n mortal en plena crisis sanitaria por la Covid-19, desencadena una expansi\u00f3n<br>de reacciones y manifestaciones antirracistas, virtuales en las redes sociales y reales en las calles de numerosos pa\u00edses. Se realiza una observaci\u00f3n de los acontecimientos desencadenados, asociados a contenidos virales. A trav\u00e9s del an\u00e1lisis de dichos contenidos y de su repercusi\u00f3n, se buscan las claves que han permitido el \u00e9xito de estos mensajes y los modelos de comportamiento que transmiten. Para ello, se realiza un estudio temporal<br>de los eventos m\u00e1s destacables e influyentes entre el 25 de mayo y el 5 de junio de 2020, de su contenido, evento asociado, modelo de comportamiento indicado e implicaciones para la educaci\u00f3n medi\u00e1tica. Se analiza la competencia medi\u00e1tica requerida al ciudadano del siglo XXI tanto en su rol de prosumer o emirec (emisor-receptor) en el<br>ciberespacio, como en su papel de ciudadano responsable que contribuya a la creaci\u00f3n de unos medios de comunicaci\u00f3n de servicio p\u00fablico.<\/p>\n\n\n\n<figure class=\"wp-block-image size-large\"><img loading=\"lazy\" decoding=\"async\" width=\"796\" height=\"1024\" src=\"https:\/\/www.educacionmediatica.es\/wp-content\/uploads\/2021\/09\/portadaredessociales-796x1024.jpg\" alt=\"\" class=\"wp-image-450\" srcset=\"https:\/\/www.educacionmediatica.es\/wp-content\/uploads\/2021\/09\/portadaredessociales-796x1024.jpg 796w, https:\/\/www.educacionmediatica.es\/wp-content\/uploads\/2021\/09\/portadaredessociales-233x300.jpg 233w, https:\/\/www.educacionmediatica.es\/wp-content\/uploads\/2021\/09\/portadaredessociales-768x988.jpg 768w, https:\/\/www.educacionmediatica.es\/wp-content\/uploads\/2021\/09\/portadaredessociales.jpg 942w\" sizes=\"auto, (max-width: 796px) 100vw, 796px\" \/><\/figure>\n\n\n\n<p>Gutierrez-Martin, Alfonso &amp; Picazo-Sanchez, Laura (2020) \u201cViralidad, prosumidores y educaci\u00f3n medi\u00e1tica: El caso de George Floyd\u201d. En Redes sociales y ciudadan\u00eda: Hacia un mundo ciberconectado y empoderado. Editores: Ignacio Aguaded y Arantxa Vizca\u00edno-Verd\u00fa. 47-55<\/p>\n","protected":false},"excerpt":{"rendered":"<p>Es una comunicaci\u00f3n del V Congreso Internacional Alfamed, titulado Redes sociales y ciudadan\u00eda: Hacia un mundo ciberconectado y empoderado, relacionado con el proyecto Intern\u00e9tica. Escrito por los investigadores Alfonso Gutierrez Mart\u00edn y Laura Picazo Sanchez. Puedes acceder al texto completo a trav\u00e9s de las actas del congreso aqu\u00ed. Se parte de influencia de los medios [&hellip;]<\/p>\n","protected":false},"author":3,"featured_media":449,"comment_status":"open","ping_status":"open","sticky":false,"template":"","format":"standard","meta":{"footnotes":""},"categories":[10,18],"tags":[39,48],"class_list":["post-448","post","type-post","status-publish","format-standard","has-post-thumbnail","hentry","category-ponencias","category-publicaciones","tag-alfonso-guitierrez","tag-laura-picazo-sanchez"],"_links":{"self":[{"href":"https:\/\/www.educacionmediatica.es\/index.php\/wp-json\/wp\/v2\/posts\/448","targetHints":{"allow":["GET"]}}],"collection":[{"href":"https:\/\/www.educacionmediatica.es\/index.php\/wp-json\/wp\/v2\/posts"}],"about":[{"href":"https:\/\/www.educacionmediatica.es\/index.php\/wp-json\/wp\/v2\/types\/post"}],"author":[{"embeddable":true,"href":"https:\/\/www.educacionmediatica.es\/index.php\/wp-json\/wp\/v2\/users\/3"}],"replies":[{"embeddable":true,"href":"https:\/\/www.educacionmediatica.es\/index.php\/wp-json\/wp\/v2\/comments?post=448"}],"version-history":[{"count":2,"href":"https:\/\/www.educacionmediatica.es\/index.php\/wp-json\/wp\/v2\/posts\/448\/revisions"}],"predecessor-version":[{"id":453,"href":"https:\/\/www.educacionmediatica.es\/index.php\/wp-json\/wp\/v2\/posts\/448\/revisions\/453"}],"wp:featuredmedia":[{"embeddable":true,"href":"https:\/\/www.educacionmediatica.es\/index.php\/wp-json\/wp\/v2\/media\/449"}],"wp:attachment":[{"href":"https:\/\/www.educacionmediatica.es\/index.php\/wp-json\/wp\/v2\/media?parent=448"}],"wp:term":[{"taxonomy":"category","embeddable":true,"href":"https:\/\/www.educacionmediatica.es\/index.php\/wp-json\/wp\/v2\/categories?post=448"},{"taxonomy":"post_tag","embeddable":true,"href":"https:\/\/www.educacionmediatica.es\/index.php\/wp-json\/wp\/v2\/tags?post=448"}],"curies":[{"name":"wp","href":"https:\/\/api.w.org\/{rel}","templated":true}]}}