{"id":457,"date":"2021-10-05T11:16:06","date_gmt":"2021-10-05T11:16:06","guid":{"rendered":"https:\/\/www.educacionmediatica.es\/?p=457"},"modified":"2023-07-06T12:39:55","modified_gmt":"2023-07-06T12:39:55","slug":"el-fandom-de-blue-jeans","status":"publish","type":"post","link":"https:\/\/www.educacionmediatica.es\/index.php\/2021\/10\/05\/el-fandom-de-blue-jeans\/","title":{"rendered":"El fandom de Blue Jeans"},"content":{"rendered":"\n<p>Es un art\u00edculo de Alba Torrego, Boris Vazquez y David Garc\u00eda, publicado en Ocnos. Es un art\u00edculo en Open Access al que se puede acceder en desde el link del DOI al final de la entrada.<\/p>\n\n\n\n<p>La participaci\u00f3n de fans y autores en redes sociales configura una nueva ecolog\u00eda letrada digital que modifica la recepci\u00f3n de la obra literaria y las posibilidades de interacci\u00f3n entre lectores y escritores. Con un estudio de caso, exploramos el uso de varios espacios de afinidad y socializaci\u00f3n del universo literario del escritor espa\u00f1ol Blue Jeans. Analizamos 3.997 comentarios de los espacios digitales de este fandom, con datos cuantitativos y cualitativos, adem\u00e1s de una entrevista semiestructurada con el propio autor. Los resultados sugieren (1) diferencias relevantes en la socializaci\u00f3n lectora seg\u00fan el tipo de espacio y su gestor (autor o fans), (2) correlaciones entre alg\u00fan espacio y la socializaci\u00f3n literaria, y (3) la relevancia de mantener activa una red de socializaci\u00f3n lectora como parte del acervo de profesionalizaci\u00f3n del escritor. Gracias a la interacci\u00f3n entre iguales, los seguidores de Blue Jeans desarrollan aprendizajes de corte sociocultural, que revelan el potencial de relacionar contextos vern\u00e1culos y educaci\u00f3n formal para formar generaciones lectoras y cr\u00edticas, sin que ello implique extirpar la cultura fandom de sus contextos. Acabamos con algunas l\u00edneas de actuaci\u00f3n futura en la educaci\u00f3n ling\u00fc\u00edstica y literaria, como la semiosis social o las multiliteracidades.<\/p>\n\n\n\n<p>Torrego-Gonz\u00e1lez, A., Vazquez-Calvo, B. ., &amp; Garc\u00eda-Mar\u00edn, D. . (2021). El fandom de Blue Jeans: lectura y socializaci\u00f3n literaria en l\u00ednea. <em>Ocnos. Revista De Estudios Sobre Lectura<\/em>, <em>20<\/em>(1), 65-81. <a href=\"https:\/\/doi.org\/10.18239\/ocnos_2021.20.1.24599.\">https:\/\/doi.org\/10.18239\/ocnos_2021.20.1.24599.<\/a><\/p>\n","protected":false},"excerpt":{"rendered":"<p>Es un art\u00edculo de Alba Torrego, Boris Vazquez y David Garc\u00eda, publicado en Ocnos. Es un art\u00edculo en Open Access al que se puede acceder en desde el link del DOI al final de la entrada. La participaci\u00f3n de fans y autores en redes sociales configura una nueva ecolog\u00eda letrada digital que modifica la recepci\u00f3n [&hellip;]<\/p>\n","protected":false},"author":3,"featured_media":0,"comment_status":"closed","ping_status":"open","sticky":false,"template":"","format":"standard","meta":{"footnotes":""},"categories":[20,8,18],"tags":[32,33,34],"class_list":["post-457","post","type-post","status-publish","format-standard","hentry","category-articulos","category-noticias","category-publicaciones","tag-alba-torrego","tag-boris-vazquez","tag-david-garcia"],"_links":{"self":[{"href":"https:\/\/www.educacionmediatica.es\/index.php\/wp-json\/wp\/v2\/posts\/457","targetHints":{"allow":["GET"]}}],"collection":[{"href":"https:\/\/www.educacionmediatica.es\/index.php\/wp-json\/wp\/v2\/posts"}],"about":[{"href":"https:\/\/www.educacionmediatica.es\/index.php\/wp-json\/wp\/v2\/types\/post"}],"author":[{"embeddable":true,"href":"https:\/\/www.educacionmediatica.es\/index.php\/wp-json\/wp\/v2\/users\/3"}],"replies":[{"embeddable":true,"href":"https:\/\/www.educacionmediatica.es\/index.php\/wp-json\/wp\/v2\/comments?post=457"}],"version-history":[{"count":2,"href":"https:\/\/www.educacionmediatica.es\/index.php\/wp-json\/wp\/v2\/posts\/457\/revisions"}],"predecessor-version":[{"id":859,"href":"https:\/\/www.educacionmediatica.es\/index.php\/wp-json\/wp\/v2\/posts\/457\/revisions\/859"}],"wp:attachment":[{"href":"https:\/\/www.educacionmediatica.es\/index.php\/wp-json\/wp\/v2\/media?parent=457"}],"wp:term":[{"taxonomy":"category","embeddable":true,"href":"https:\/\/www.educacionmediatica.es\/index.php\/wp-json\/wp\/v2\/categories?post=457"},{"taxonomy":"post_tag","embeddable":true,"href":"https:\/\/www.educacionmediatica.es\/index.php\/wp-json\/wp\/v2\/tags?post=457"}],"curies":[{"name":"wp","href":"https:\/\/api.w.org\/{rel}","templated":true}]}}