{"id":467,"date":"2021-10-28T12:27:59","date_gmt":"2021-10-28T12:27:59","guid":{"rendered":"https:\/\/www.educacionmediatica.es\/?p=467"},"modified":"2021-11-16T12:33:31","modified_gmt":"2021-11-16T12:33:31","slug":"congreso-de-literacidad-critica-mediatica-de-las-americas","status":"publish","type":"post","link":"https:\/\/www.educacionmediatica.es\/index.php\/2021\/10\/28\/congreso-de-literacidad-critica-mediatica-de-las-americas\/","title":{"rendered":"Congreso de Literacidad Cr\u00edtica Medi\u00e1tica de las Am\u00e9ricas"},"content":{"rendered":"\n<p><em>El Congreso de Literacidad Cr\u00edtica Medi\u00e1tica de las Am\u00e9ricas<\/em> promueve su compromiso con los ideales democr\u00e1ticos y los valores de justicia social. Sostenemos que nos relacionamos con los medios como un espacio dial\u00e9ctico de cr\u00edtica y celebraci\u00f3n. Los medios son herramientas complejas cuyos efectos no siempre coinciden con las intenciones que expl\u00edcitamente manifiestan y, de ese modo, pueden promover la participaci\u00f3n democr\u00e1tica, apoyar la justicia social y brindar bienestar general. Sin embargo, tambi\u00e9n pueden obstaculizar la democracia, avivar la violencia y manipular a las personas y a la sociedad. Nuestro objetivo, para este Congreso, es estimular el discurso cr\u00edtico sobre nuestra sociedad mediada, con la intenci\u00f3n de profundizar el entendimiento y apoyar el trabajo de cada uno en la transformaci\u00f3n de la sociedad, para que \u00e9sta sea m\u00e1s justa y ambientalmente sostenible. En el esp\u00edritu de la pedagog\u00eda cr\u00edtica de Paulo Freire, nuestro Congreso intenta crear espacios democr\u00e1ticos para que una diversidad de voces se expresen y sean escuchadas por medio del discurso dial\u00f3gico y la praxis, la reflexi\u00f3n y la acci\u00f3n.<\/p>\n","protected":false},"excerpt":{"rendered":"<p>El Congreso de Literacidad Cr\u00edtica Medi\u00e1tica de las Am\u00e9ricas promueve su compromiso con los ideales democr\u00e1ticos y los valores de justicia social. Sostenemos que nos relacionamos con los medios como un espacio dial\u00e9ctico de cr\u00edtica y celebraci\u00f3n. Los medios son herramientas complejas cuyos efectos no siempre coinciden con las intenciones que expl\u00edcitamente manifiestan y, de [&hellip;]<\/p>\n","protected":false},"author":3,"featured_media":0,"comment_status":"open","ping_status":"open","sticky":false,"template":"","format":"standard","meta":{"footnotes":""},"categories":[],"tags":[],"class_list":["post-467","post","type-post","status-publish","format-standard","hentry"],"_links":{"self":[{"href":"https:\/\/www.educacionmediatica.es\/index.php\/wp-json\/wp\/v2\/posts\/467","targetHints":{"allow":["GET"]}}],"collection":[{"href":"https:\/\/www.educacionmediatica.es\/index.php\/wp-json\/wp\/v2\/posts"}],"about":[{"href":"https:\/\/www.educacionmediatica.es\/index.php\/wp-json\/wp\/v2\/types\/post"}],"author":[{"embeddable":true,"href":"https:\/\/www.educacionmediatica.es\/index.php\/wp-json\/wp\/v2\/users\/3"}],"replies":[{"embeddable":true,"href":"https:\/\/www.educacionmediatica.es\/index.php\/wp-json\/wp\/v2\/comments?post=467"}],"version-history":[{"count":1,"href":"https:\/\/www.educacionmediatica.es\/index.php\/wp-json\/wp\/v2\/posts\/467\/revisions"}],"predecessor-version":[{"id":470,"href":"https:\/\/www.educacionmediatica.es\/index.php\/wp-json\/wp\/v2\/posts\/467\/revisions\/470"}],"wp:attachment":[{"href":"https:\/\/www.educacionmediatica.es\/index.php\/wp-json\/wp\/v2\/media?parent=467"}],"wp:term":[{"taxonomy":"category","embeddable":true,"href":"https:\/\/www.educacionmediatica.es\/index.php\/wp-json\/wp\/v2\/categories?post=467"},{"taxonomy":"post_tag","embeddable":true,"href":"https:\/\/www.educacionmediatica.es\/index.php\/wp-json\/wp\/v2\/tags?post=467"}],"curies":[{"name":"wp","href":"https:\/\/api.w.org\/{rel}","templated":true}]}}