{"id":472,"date":"2020-10-28T09:29:00","date_gmt":"2020-10-28T09:29:00","guid":{"rendered":"https:\/\/www.educacionmediatica.es\/?p=472"},"modified":"2023-07-03T12:40:58","modified_gmt":"2023-07-03T12:40:58","slug":"estrategias-sociales-vs-comerciales-en-la-inclusion-de-la-diversidad-etnica-de-las-mujeres-en-webs-corporativas","status":"publish","type":"post","link":"https:\/\/www.educacionmediatica.es\/index.php\/2020\/10\/28\/estrategias-sociales-vs-comerciales-en-la-inclusion-de-la-diversidad-etnica-de-las-mujeres-en-webs-corporativas\/","title":{"rendered":"Estrategias sociales vs comerciales en la inclusi\u00f3n de la diversidad \u00e9tnica de las mujeres en webs corporativas"},"content":{"rendered":"\n<p> Estrategias sociales vs comerciales en la inclusi\u00f3n de la diversidad \u00e9tnica de las mujeres en webs corporativas. Cr\u00edtica desde planteamientos feministas decoloniales. Es una comunicaci\u00f3n relacionada con el proyecto Intern\u00e9tica en el congreso Internacional Comunicaci\u00f3n y Diversidad. Escrito por las investigadoras Susana de Andr\u00e9s, Rocio Collado y Mari Cruz Alvarado, Al final de la entrada pod\u00e9is encontrar link a las actas del congreso. <\/p>\n\n\n\n<p>Este estudio realiza un an\u00e1lisis de estrategias discursivas sobre la inclusi\u00f3n de la diversidad \u00e9tnica de las mujeres, a partir de los estudios de feminismos perif\u00e9ricos y de una perspectiva de colonial. Se analizan las estrategias sociales y las comerciales, para valorar los modelos de<br>representaci\u00f3n y de creaci\u00f3n simb\u00f3lica hegem\u00f3nica en el \u00e1mbito digital. Las grandes corporaciones est\u00e1n dando pasos firmes hacia la representaci\u00f3n de una diversidad \u00e9tnica en sus plataformas digitales, webs y RRSS. Es visible la inclusi\u00f3n de personas afrodescendientes y<br>asi\u00e1ticas entre el caleidoscopio de modelos en las marcas de moda, pero siguen sin estar representadas las comunidades mayoritarias y de larga convivencia en Espa\u00f1a: personas latinoamericanas, marroqu\u00edes, gitanas, b\u00falgaras.<\/p>\n\n\n\n<p><br>Presentamos una contabilizaci\u00f3n de las personas elegidas para representar a las grandes marcas comerciales y sociales de \u00e1mbito internacional (principales corporaciones de moda vs. principales ONGDs). Sobre la hip\u00f3tesis de que pese a la inclusi\u00f3n de las representaciones asi\u00e1ticas, estas est\u00e1n siendo estilizadas y comercializadas principalmente por las  corporaciones de moda, contribuyendo a la creaci\u00f3n de un estatus simb\u00f3lico estilizado y en la b\u00fasqueda de una clientela con poder adquisitivo creciente. Y que las ONGDs no incluyen en sus  representaciones, en suficiente medida, a muchas de las comunidades que, en Espa\u00f1a, luchan por su integraci\u00f3n, como es el colectivo latinoamericano.<\/p>\n\n\n\n<p><\/p>\n\n\n\n<p>De Andr\u00e9s, S.; Collado, R.; Alvarado, M.C. (2020). Estrategias sociales vs comerciales en la inclusi\u00f3n de la diversidad \u00e9tnica de las mujeres en webs corporativas. Cr\u00edtica desde planteamientos feministas decoloniales. En VV.AA. (2020). COMUNICACI\u00d3N Y DIVERSIDAD Actas del VII Congreso Internacional de la AE-IC , p.2414-2434<\/p>\n\n\n\n<p><a href=\"https:\/\/idus.us.es\/handle\/11441\/126904\">https:\/\/idus.us.es\/handle\/11441\/126904<\/a><\/p>\n","protected":false},"excerpt":{"rendered":"<p>Estrategias sociales vs comerciales en la inclusi\u00f3n de la diversidad \u00e9tnica de las mujeres en webs corporativas. Cr\u00edtica desde planteamientos feministas decoloniales. Es una comunicaci\u00f3n relacionada con el proyecto Intern\u00e9tica en el congreso Internacional Comunicaci\u00f3n y Diversidad. Escrito por las investigadoras Susana de Andr\u00e9s, Rocio Collado y Mari Cruz Alvarado, Al final de la entrada [&hellip;]<\/p>\n","protected":false},"author":4,"featured_media":0,"comment_status":"closed","ping_status":"open","sticky":false,"template":"","format":"standard","meta":{"footnotes":""},"categories":[22,8,18],"tags":[29,38,37],"class_list":["post-472","post","type-post","status-publish","format-standard","hentry","category-congresos","category-noticias","category-publicaciones","tag-mari-cruz-alvarado","tag-rocio-collado","tag-susana-de-andres"],"_links":{"self":[{"href":"https:\/\/www.educacionmediatica.es\/index.php\/wp-json\/wp\/v2\/posts\/472","targetHints":{"allow":["GET"]}}],"collection":[{"href":"https:\/\/www.educacionmediatica.es\/index.php\/wp-json\/wp\/v2\/posts"}],"about":[{"href":"https:\/\/www.educacionmediatica.es\/index.php\/wp-json\/wp\/v2\/types\/post"}],"author":[{"embeddable":true,"href":"https:\/\/www.educacionmediatica.es\/index.php\/wp-json\/wp\/v2\/users\/4"}],"replies":[{"embeddable":true,"href":"https:\/\/www.educacionmediatica.es\/index.php\/wp-json\/wp\/v2\/comments?post=472"}],"version-history":[{"count":1,"href":"https:\/\/www.educacionmediatica.es\/index.php\/wp-json\/wp\/v2\/posts\/472\/revisions"}],"predecessor-version":[{"id":474,"href":"https:\/\/www.educacionmediatica.es\/index.php\/wp-json\/wp\/v2\/posts\/472\/revisions\/474"}],"wp:attachment":[{"href":"https:\/\/www.educacionmediatica.es\/index.php\/wp-json\/wp\/v2\/media?parent=472"}],"wp:term":[{"taxonomy":"category","embeddable":true,"href":"https:\/\/www.educacionmediatica.es\/index.php\/wp-json\/wp\/v2\/categories?post=472"},{"taxonomy":"post_tag","embeddable":true,"href":"https:\/\/www.educacionmediatica.es\/index.php\/wp-json\/wp\/v2\/tags?post=472"}],"curies":[{"name":"wp","href":"https:\/\/api.w.org\/{rel}","templated":true}]}}