{"id":483,"date":"2021-12-10T13:48:47","date_gmt":"2021-12-10T13:48:47","guid":{"rendered":"https:\/\/www.educacionmediatica.es\/?p=483"},"modified":"2021-12-10T15:19:19","modified_gmt":"2021-12-10T15:19:19","slug":"proyecto-internetica","status":"publish","type":"post","link":"https:\/\/www.educacionmediatica.es\/index.php\/2021\/12\/10\/proyecto-internetica\/","title":{"rendered":"Video explicativo Proyecto Intern\u00e9tica"},"content":{"rendered":"\n<p>Belinda de Frutos y Luis Torrego Egido (miembros del Comit\u00e9 Organizador),  y Alfonso Guti\u00e9rrez y Agust\u00edn Garc\u00eda Matilla (los Investigadores Principales), comentan sobre el desarrollo, avanzes y resultados de la investigaci\u00f3n. <\/p>\n\n\n\n<figure class=\"wp-block-embed is-type-video is-provider-youtube wp-block-embed-youtube wp-embed-aspect-16-9 wp-has-aspect-ratio\"><div class=\"wp-block-embed__wrapper\">\n<iframe loading=\"lazy\" title=\"INTERN\u00c9TICA - VERDAD Y \u00c9TICA EN LAS REDES SOCIALES\" width=\"580\" height=\"326\" src=\"https:\/\/www.youtube.com\/embed\/YwmYlPoNnzU?feature=oembed\" frameborder=\"0\" allow=\"accelerometer; autoplay; clipboard-write; encrypted-media; gyroscope; picture-in-picture; web-share\" referrerpolicy=\"strict-origin-when-cross-origin\" allowfullscreen><\/iframe>\n<\/div><\/figure>\n\n\n\n<p><\/p>\n","protected":false},"excerpt":{"rendered":"<p>Belinda de Frutos y Luis Torrego Egido (miembros del Comit\u00e9 Organizador), y Alfonso Guti\u00e9rrez y Agust\u00edn Garc\u00eda Matilla (los Investigadores Principales), comentan sobre el desarrollo, avanzes y resultados de la investigaci\u00f3n.<\/p>\n","protected":false},"author":7,"featured_media":0,"comment_status":"open","ping_status":"open","sticky":false,"template":"","format":"standard","meta":{"footnotes":""},"categories":[8,9],"tags":[],"class_list":["post-483","post","type-post","status-publish","format-standard","hentry","category-noticias","category-videos"],"_links":{"self":[{"href":"https:\/\/www.educacionmediatica.es\/index.php\/wp-json\/wp\/v2\/posts\/483","targetHints":{"allow":["GET"]}}],"collection":[{"href":"https:\/\/www.educacionmediatica.es\/index.php\/wp-json\/wp\/v2\/posts"}],"about":[{"href":"https:\/\/www.educacionmediatica.es\/index.php\/wp-json\/wp\/v2\/types\/post"}],"author":[{"embeddable":true,"href":"https:\/\/www.educacionmediatica.es\/index.php\/wp-json\/wp\/v2\/users\/7"}],"replies":[{"embeddable":true,"href":"https:\/\/www.educacionmediatica.es\/index.php\/wp-json\/wp\/v2\/comments?post=483"}],"version-history":[{"count":3,"href":"https:\/\/www.educacionmediatica.es\/index.php\/wp-json\/wp\/v2\/posts\/483\/revisions"}],"predecessor-version":[{"id":488,"href":"https:\/\/www.educacionmediatica.es\/index.php\/wp-json\/wp\/v2\/posts\/483\/revisions\/488"}],"wp:attachment":[{"href":"https:\/\/www.educacionmediatica.es\/index.php\/wp-json\/wp\/v2\/media?parent=483"}],"wp:term":[{"taxonomy":"category","embeddable":true,"href":"https:\/\/www.educacionmediatica.es\/index.php\/wp-json\/wp\/v2\/categories?post=483"},{"taxonomy":"post_tag","embeddable":true,"href":"https:\/\/www.educacionmediatica.es\/index.php\/wp-json\/wp\/v2\/tags?post=483"}],"curies":[{"name":"wp","href":"https:\/\/api.w.org\/{rel}","templated":true}]}}