{"id":856,"date":"2022-06-09T08:57:00","date_gmt":"2022-06-09T08:57:00","guid":{"rendered":"https:\/\/www.educacionmediatica.es\/?p=856"},"modified":"2023-06-09T09:02:48","modified_gmt":"2023-06-09T09:02:48","slug":"la-transferencia-en-educomunicacion-una-oportunidad-transversal-de-los-grados-de-comunicacion","status":"publish","type":"post","link":"https:\/\/www.educacionmediatica.es\/index.php\/2022\/06\/09\/la-transferencia-en-educomunicacion-una-oportunidad-transversal-de-los-grados-de-comunicacion\/","title":{"rendered":"La transferencia en educomunicaci\u00f3n.Una oportunidad transversal de los grados de comunicaci\u00f3n"},"content":{"rendered":"\n<p>Cap\u00edtulo de libro de los investigadores pertenecientes al proyecto Intern\u00e9tica, Maria Cruz Alvarado, Eva Navarro, Susana de Andr\u00e9s y Agust\u00edn Garc\u00eda Matilla en el libro La alfabetizaci\u00f3n medi\u00e1tica e informacional en las Facultades de Comunicaci\u00f3n en Espa\u00f1a<\/p>\n\n\n\n<p>El presente art\u00edculo plantea los antecedentes de lo que han sido iniciativas pioneras en la labor de transferencia de la Alfabetizaci\u00f3n Medi\u00e1tica en las Facultades de Comunicaci\u00f3n Espa\u00f1olas. Se aporta adem\u00e1s una contextualizaci\u00f3n de iniciativas que mantienen su vigencia en la actualidad y tambi\u00e9n se relacionan con publicaciones y producciones de relevancia en este \u00e1mbito dentro del contexto espa\u00f1ol<\/p>\n\n\n\n<p>Alvarado, M.C; Navarro, E.; De Andr\u00e9s, S.; Garc\u00eda Matilla, A. (2022) La transferencia en educomunicaci\u00f3n. Una oportunidad transversal de los grados de comunicaci\u00f3n. En S\u00e1daba Chalezquer, Ch.; N\u00fa\u00f1ez G\u00f3mez, P<br>y P\u00e9rez Tornero, J.M. La alfabetizaci\u00f3n medi\u00e1tica e informacional en las Facultades de Comunicaci\u00f3n en Espa\u00f1a. Comunicaci\u00f3n Social. P\u00e1gs,183-195<\/p>\n","protected":false},"excerpt":{"rendered":"<p>Cap\u00edtulo de libro de los investigadores pertenecientes al proyecto Intern\u00e9tica, Maria Cruz Alvarado, Eva Navarro, Susana de Andr\u00e9s y Agust\u00edn Garc\u00eda Matilla en el libro La alfabetizaci\u00f3n medi\u00e1tica e informacional en las Facultades de Comunicaci\u00f3n en Espa\u00f1a El presente art\u00edculo plantea los antecedentes de lo que han sido iniciativas pioneras en la labor de transferencia [&hellip;]<\/p>\n","protected":false},"author":4,"featured_media":0,"comment_status":"closed","ping_status":"open","sticky":false,"template":"","format":"standard","meta":{"footnotes":""},"categories":[21,8,18],"tags":[24,30,29,31],"class_list":["post-856","post","type-post","status-publish","format-standard","hentry","category-capitulos-de-libro","category-noticias","category-publicaciones","tag-agustin-garcia-matilla","tag-eva-navarro","tag-mari-cruz-alvarado","tag-suana-de-andres"],"_links":{"self":[{"href":"https:\/\/www.educacionmediatica.es\/index.php\/wp-json\/wp\/v2\/posts\/856","targetHints":{"allow":["GET"]}}],"collection":[{"href":"https:\/\/www.educacionmediatica.es\/index.php\/wp-json\/wp\/v2\/posts"}],"about":[{"href":"https:\/\/www.educacionmediatica.es\/index.php\/wp-json\/wp\/v2\/types\/post"}],"author":[{"embeddable":true,"href":"https:\/\/www.educacionmediatica.es\/index.php\/wp-json\/wp\/v2\/users\/4"}],"replies":[{"embeddable":true,"href":"https:\/\/www.educacionmediatica.es\/index.php\/wp-json\/wp\/v2\/comments?post=856"}],"version-history":[{"count":1,"href":"https:\/\/www.educacionmediatica.es\/index.php\/wp-json\/wp\/v2\/posts\/856\/revisions"}],"predecessor-version":[{"id":857,"href":"https:\/\/www.educacionmediatica.es\/index.php\/wp-json\/wp\/v2\/posts\/856\/revisions\/857"}],"wp:attachment":[{"href":"https:\/\/www.educacionmediatica.es\/index.php\/wp-json\/wp\/v2\/media?parent=856"}],"wp:term":[{"taxonomy":"category","embeddable":true,"href":"https:\/\/www.educacionmediatica.es\/index.php\/wp-json\/wp\/v2\/categories?post=856"},{"taxonomy":"post_tag","embeddable":true,"href":"https:\/\/www.educacionmediatica.es\/index.php\/wp-json\/wp\/v2\/tags?post=856"}],"curies":[{"name":"wp","href":"https:\/\/api.w.org\/{rel}","templated":true}]}}