{"id":860,"date":"2021-06-29T09:05:00","date_gmt":"2021-06-29T09:05:00","guid":{"rendered":"https:\/\/www.educacionmediatica.es\/?p=860"},"modified":"2023-06-09T09:09:16","modified_gmt":"2023-06-09T09:09:16","slug":"percepcion-de-las-profesionales-de-la-publicidad-sobre-la-igualdad-laboral-en-su-sector","status":"publish","type":"post","link":"https:\/\/www.educacionmediatica.es\/index.php\/2021\/06\/29\/percepcion-de-las-profesionales-de-la-publicidad-sobre-la-igualdad-laboral-en-su-sector\/","title":{"rendered":"Percepci\u00f3n de las profesionales de la publicidad sobre la igualdad laboral en su sector"},"content":{"rendered":"\n<p>Art\u00edculo de los investigadores del proyecto Intern\u00e9tica, Alex Buitrago y Alberto Mart\u00edn. Puedes encontrar link al art\u00edculo completo al final.<\/p>\n\n\n\n<p>Un porcentaje de las plantillas de las agencias de publicidad y los departamentos de comunicaci\u00f3n de las marcas est\u00e1 conformado por mujeres graduadas y licenciadas en titulaciones de Ciencias de la Comunicaci\u00f3n. El objeto de esta investigaci\u00f3n reside en conocer cu\u00e1l es su percepci\u00f3n acerca de la posici\u00f3n que ocupan, as\u00ed como de las dificultades que se encuentran para acceder a puestos de responsabilidad y ascender en el organigrama empresarial. Los resultados revelan que el sector de la publicidad sigue sin estar vertebrado desde la igualdad. Entre otros aportes, los datos indican que, ante ciertas situaciones laborales como la posibilidad de un ascenso, las mujeres perciben que deben hacer m\u00e9ritos superiores a los hombres para alcanzar puestos similares.<\/p>\n\n\n\n<p>Buitrago, A, Mart\u00edn-Garc\u00eda, A. (2021). Percepci\u00f3n de las profesionales de la publicidad sobre la igualdad laboral en su sector. Cuestiones de g\u00e9nero: de la igualdad y la diferencia, 699-718. <br><a rel=\"noreferrer noopener\" href=\"https:\/\/doi.org\/10.18002\/cg.v0i16.6973\" target=\"_blank\">DOI:10.18002\/cg.v0i16.6973<\/a><\/p>\n","protected":false},"excerpt":{"rendered":"<p>Art\u00edculo de los investigadores del proyecto Intern\u00e9tica, Alex Buitrago y Alberto Mart\u00edn. Puedes encontrar link al art\u00edculo completo al final. Un porcentaje de las plantillas de las agencias de publicidad y los departamentos de comunicaci\u00f3n de las marcas est\u00e1 conformado por mujeres graduadas y licenciadas en titulaciones de Ciencias de la Comunicaci\u00f3n. El objeto de [&hellip;]<\/p>\n","protected":false},"author":4,"featured_media":0,"comment_status":"closed","ping_status":"open","sticky":false,"template":"","format":"standard","meta":{"footnotes":""},"categories":[20,18],"tags":[35,36],"class_list":["post-860","post","type-post","status-publish","format-standard","hentry","category-articulos","category-publicaciones","tag-alberto-martin","tag-alex-buitrago"],"_links":{"self":[{"href":"https:\/\/www.educacionmediatica.es\/index.php\/wp-json\/wp\/v2\/posts\/860","targetHints":{"allow":["GET"]}}],"collection":[{"href":"https:\/\/www.educacionmediatica.es\/index.php\/wp-json\/wp\/v2\/posts"}],"about":[{"href":"https:\/\/www.educacionmediatica.es\/index.php\/wp-json\/wp\/v2\/types\/post"}],"author":[{"embeddable":true,"href":"https:\/\/www.educacionmediatica.es\/index.php\/wp-json\/wp\/v2\/users\/4"}],"replies":[{"embeddable":true,"href":"https:\/\/www.educacionmediatica.es\/index.php\/wp-json\/wp\/v2\/comments?post=860"}],"version-history":[{"count":1,"href":"https:\/\/www.educacionmediatica.es\/index.php\/wp-json\/wp\/v2\/posts\/860\/revisions"}],"predecessor-version":[{"id":861,"href":"https:\/\/www.educacionmediatica.es\/index.php\/wp-json\/wp\/v2\/posts\/860\/revisions\/861"}],"wp:attachment":[{"href":"https:\/\/www.educacionmediatica.es\/index.php\/wp-json\/wp\/v2\/media?parent=860"}],"wp:term":[{"taxonomy":"category","embeddable":true,"href":"https:\/\/www.educacionmediatica.es\/index.php\/wp-json\/wp\/v2\/categories?post=860"},{"taxonomy":"post_tag","embeddable":true,"href":"https:\/\/www.educacionmediatica.es\/index.php\/wp-json\/wp\/v2\/tags?post=860"}],"curies":[{"name":"wp","href":"https:\/\/api.w.org\/{rel}","templated":true}]}}