{"id":873,"date":"2022-06-15T10:02:00","date_gmt":"2022-06-15T10:02:00","guid":{"rendered":"https:\/\/www.educacionmediatica.es\/?p=873"},"modified":"2023-06-15T10:06:10","modified_gmt":"2023-06-15T10:06:10","slug":"decolonizar-as-politicas-de-comunicacao-de-abya-yala-cincuenta-anos-de-aprendizajes-para-trazar-nuevas-sendas","status":"publish","type":"post","link":"https:\/\/www.educacionmediatica.es\/index.php\/2022\/06\/15\/decolonizar-as-politicas-de-comunicacao-de-abya-yala-cincuenta-anos-de-aprendizajes-para-trazar-nuevas-sendas\/","title":{"rendered":"Decolonizar as pol\u00edticas de comunica\u00e7\u00e3o de Abya Yala. Cincuenta a\u00f1os de aprendizajes para trazar nuevas sendas"},"content":{"rendered":"\n<p>Art\u00edculo de los investigadores del proyecto Intern\u00e9tica Manuel Chaparro y Susana de Andr\u00e9s en la revista Chasqui.<\/p>\n\n\n\n<p>En Abya Yala, al igual que en la mayor\u00eda de contextos geogr\u00e1fico-pol\u00edticos, la historia reciente de la comunicaci\u00f3n, o m\u00e1s bien de los medios de informaci\u00f3n y las pol\u00edticas p\u00fablicas de comunicaci\u00f3n (PPC), han venido marcadas por avances y retrocesos. Consolidar un mapa democr\u00e1tico de medios requiere en estos momentos no solo de una agenda valiente en torno a pol\u00edticas p\u00fablicas que tiendan a desconcentrar la propiedad, sino que tambi\u00e9n exige una ruta que pase por abordar narrativas decoloniales. El trabajo de Chasqui a lo largo de cincuenta a\u00f1os es testigo de los empe\u00f1os realizados por una comunicaci\u00f3n liberalizadora, actora, protagonista y comprometida en la transformaci\u00f3n social en favor del com\u00fan. Aprovechar este bagaje permite reflexionar sobre los \u00e9xitos y fracasos para hacer un trabajo prospectivo.<\/p>\n\n\n\n<p>Chaparro, M. y de Andr\u00e9s, S. (2022). Decolonizar as pol\u00edticas de comunica\u00e7\u00e3o de Abya Yala. Cincuenta a\u00f1os de aprendizajes para trazar nuevas sendas.\u00a0 Chasqui. Revista Latinoamericana de Comunicaci\u00f3n. N.\u00ba 150, agosto &#8211; noviembre 2022, pp. 17-34). ISSN 1390-1079 \/ e-ISSN 1390-924X. Ecuador: CIESPAL <br><a href=\"https:\/\/revistachasqui.org\/index.php\/chasqui\/article\/view\/4751\">https:\/\/revistachasqui.org\/index.php\/chasqui\/article\/view\/4751<\/a><\/p>\n","protected":false},"excerpt":{"rendered":"<p>Art\u00edculo de los investigadores del proyecto Intern\u00e9tica Manuel Chaparro y Susana de Andr\u00e9s en la revista Chasqui. En Abya Yala, al igual que en la mayor\u00eda de contextos geogr\u00e1fico-pol\u00edticos, la historia reciente de la comunicaci\u00f3n, o m\u00e1s bien de los medios de informaci\u00f3n y las pol\u00edticas p\u00fablicas de comunicaci\u00f3n (PPC), han venido marcadas por avances [&hellip;]<\/p>\n","protected":false},"author":4,"featured_media":0,"comment_status":"open","ping_status":"open","sticky":false,"template":"","format":"standard","meta":{"footnotes":""},"categories":[20,8,18],"tags":[45,37],"class_list":["post-873","post","type-post","status-publish","format-standard","hentry","category-articulos","category-noticias","category-publicaciones","tag-manuel-chaparro","tag-susana-de-andres"],"_links":{"self":[{"href":"https:\/\/www.educacionmediatica.es\/index.php\/wp-json\/wp\/v2\/posts\/873","targetHints":{"allow":["GET"]}}],"collection":[{"href":"https:\/\/www.educacionmediatica.es\/index.php\/wp-json\/wp\/v2\/posts"}],"about":[{"href":"https:\/\/www.educacionmediatica.es\/index.php\/wp-json\/wp\/v2\/types\/post"}],"author":[{"embeddable":true,"href":"https:\/\/www.educacionmediatica.es\/index.php\/wp-json\/wp\/v2\/users\/4"}],"replies":[{"embeddable":true,"href":"https:\/\/www.educacionmediatica.es\/index.php\/wp-json\/wp\/v2\/comments?post=873"}],"version-history":[{"count":1,"href":"https:\/\/www.educacionmediatica.es\/index.php\/wp-json\/wp\/v2\/posts\/873\/revisions"}],"predecessor-version":[{"id":874,"href":"https:\/\/www.educacionmediatica.es\/index.php\/wp-json\/wp\/v2\/posts\/873\/revisions\/874"}],"wp:attachment":[{"href":"https:\/\/www.educacionmediatica.es\/index.php\/wp-json\/wp\/v2\/media?parent=873"}],"wp:term":[{"taxonomy":"category","embeddable":true,"href":"https:\/\/www.educacionmediatica.es\/index.php\/wp-json\/wp\/v2\/categories?post=873"},{"taxonomy":"post_tag","embeddable":true,"href":"https:\/\/www.educacionmediatica.es\/index.php\/wp-json\/wp\/v2\/tags?post=873"}],"curies":[{"name":"wp","href":"https:\/\/api.w.org\/{rel}","templated":true}]}}