{"id":883,"date":"2021-08-15T11:23:00","date_gmt":"2021-08-15T11:23:00","guid":{"rendered":"https:\/\/www.educacionmediatica.es\/?p=883"},"modified":"2023-06-15T11:28:22","modified_gmt":"2023-06-15T11:28:22","slug":"imagenes-desgarradas-el-uso-de-scrapers-en-investigacion-social-en-instagram-sobre-cancer-2","status":"publish","type":"post","link":"https:\/\/www.educacionmediatica.es\/index.php\/2021\/08\/15\/imagenes-desgarradas-el-uso-de-scrapers-en-investigacion-social-en-instagram-sobre-cancer-2\/","title":{"rendered":"Im\u00e1genes desgarradas: el uso de scrapers en investigaci\u00f3n social en Instagram sobre c\u00e1ncer"},"content":{"rendered":"\n<p>Art\u00edculo en Cuadernos Info de los investigadores del proyecto Intern\u00e9tica Miguel Varela, y Miguel Vicente<\/p>\n\n\n\n<p>El uso de redes de contenido visual como Instagram est\u00e1 bien documentado en la comunicaci\u00f3n en salud, especialmente el an\u00e1lisis de contenido para estudiar las im\u00e1genes. Sin embargo, esta metodolog\u00eda supone un reto ante las crecientes dificultades en el acceso y un marco legal y de actuaci\u00f3n muy limitados. Basado en los postulados de la sociolog\u00eda visual, este art\u00edculo explora una metodolog\u00eda para obtener datos de Instagram mediante el uso de scrapers, revisando las necesidades t\u00e9cnicas y las implicaciones \u00e9ticas en el uso de este tipo de herramientas. Se analiza la distribuci\u00f3n de im\u00e1genes acompa\u00f1adas por la etiqueta #SacaPecho, creada por la Asociaci\u00f3n Espa\u00f1ola Contra el C\u00e1ncer con ocasi\u00f3n del D\u00eda Internacional de la Lucha Contra el C\u00e1ncer (19 de octubre de 2020). El uso de scrapers permite obtener referencias de m\u00e1s de 7000 im\u00e1genes en poco tiempo. El trabajo permite entender las herramientas al alcance de la investigaci\u00f3n social para acceder a datos relevantes en Instagram y propone un debate sobre las posibilidades \u00e9ticas en este \u00e1mbito.<\/p>\n\n\n\n<p>Varela-Rodr\u00edguez, M., y Vicente-Mari\u00f1o, M. (2021). Im\u00e1genes desgarradas: el uso de scrapers en investigaci\u00f3n social en Instagram sobre c\u00e1ncer\u201d, en Cuadernos.info, 49, 72-97.<br><a href=\"https:\/\/doi.org\/10.7764\/cdi.49.27809\">https:\/\/doi.org\/10.7764\/cdi.49.27809<\/a><\/p>\n","protected":false},"excerpt":{"rendered":"<p>Art\u00edculo en Cuadernos Info de los investigadores del proyecto Intern\u00e9tica Miguel Varela, y Miguel Vicente El uso de redes de contenido visual como Instagram est\u00e1 bien documentado en la comunicaci\u00f3n en salud, especialmente el an\u00e1lisis de contenido para estudiar las im\u00e1genes. Sin embargo, esta metodolog\u00eda supone un reto ante las crecientes dificultades en el acceso [&hellip;]<\/p>\n","protected":false},"author":4,"featured_media":0,"comment_status":"closed","ping_status":"open","sticky":false,"template":"","format":"standard","meta":{"footnotes":""},"categories":[20,18],"tags":[50,51],"class_list":["post-883","post","type-post","status-publish","format-standard","hentry","category-articulos","category-publicaciones","tag-miguel-varela","tag-miguel-vicente"],"_links":{"self":[{"href":"https:\/\/www.educacionmediatica.es\/index.php\/wp-json\/wp\/v2\/posts\/883","targetHints":{"allow":["GET"]}}],"collection":[{"href":"https:\/\/www.educacionmediatica.es\/index.php\/wp-json\/wp\/v2\/posts"}],"about":[{"href":"https:\/\/www.educacionmediatica.es\/index.php\/wp-json\/wp\/v2\/types\/post"}],"author":[{"embeddable":true,"href":"https:\/\/www.educacionmediatica.es\/index.php\/wp-json\/wp\/v2\/users\/4"}],"replies":[{"embeddable":true,"href":"https:\/\/www.educacionmediatica.es\/index.php\/wp-json\/wp\/v2\/comments?post=883"}],"version-history":[{"count":1,"href":"https:\/\/www.educacionmediatica.es\/index.php\/wp-json\/wp\/v2\/posts\/883\/revisions"}],"predecessor-version":[{"id":884,"href":"https:\/\/www.educacionmediatica.es\/index.php\/wp-json\/wp\/v2\/posts\/883\/revisions\/884"}],"wp:attachment":[{"href":"https:\/\/www.educacionmediatica.es\/index.php\/wp-json\/wp\/v2\/media?parent=883"}],"wp:term":[{"taxonomy":"category","embeddable":true,"href":"https:\/\/www.educacionmediatica.es\/index.php\/wp-json\/wp\/v2\/categories?post=883"},{"taxonomy":"post_tag","embeddable":true,"href":"https:\/\/www.educacionmediatica.es\/index.php\/wp-json\/wp\/v2\/tags?post=883"}],"curies":[{"name":"wp","href":"https:\/\/api.w.org\/{rel}","templated":true}]}}