{"id":888,"date":"2022-07-15T11:41:00","date_gmt":"2022-07-15T11:41:00","guid":{"rendered":"https:\/\/www.educacionmediatica.es\/?p=888"},"modified":"2023-06-15T11:47:42","modified_gmt":"2023-06-15T11:47:42","slug":"jovens-usuarios-de-redes-sociais-no-brasil-relacoes-e-valores","status":"publish","type":"post","link":"https:\/\/www.educacionmediatica.es\/index.php\/2022\/07\/15\/jovens-usuarios-de-redes-sociais-no-brasil-relacoes-e-valores\/","title":{"rendered":"Jovens usu\u00e1rios de redes sociais no Brasil: Rela\u00e7\u00f5es e valores"},"content":{"rendered":"\n<p>Cap\u00edtulo de libro de las investigadora de Intern\u00e9tica Mar\u00eda Alzira Pimenta en el libro Redes sociales y ciudadan\u00eda: Ciberculturas para el aprendizaje.<\/p>\n\n\n\n<p>This article presents the partial results of the research \u00abTruth and ethics in social networks: perceptions andeducational influences on young users of Facebook, Twitter, Instagram and Youtube\u00bb in Brazil. The generalobjective of the analysis was to understand aspects of the production and consumption of media and socialnetworks among young Brazilians. To this end, a field study was carried out using an online questionnaire tocollect data, which was treated using descriptive analysis. Among the results, the lack of attention to attitudes(connected to the concept of competence of the KSA Theory &#8211; Knowledge, Skills and Attitudes), compromisesthe competence to mobilize resources and solve daily personal, social and professional situations. In addition,it is considered that the absence of ethical values specifically compromises media competence.<\/p>\n\n\n\n<p>De Almeida-Pimenta, M.A., Aparecida Martins, M. &amp; Sales-Pires, C. (2022) Jovens usu\u00e1rios de redes sociais no Brasil: Rela\u00e7\u00f5es e valores. In Aguaded, I., Vizca\u00edno-Verd\u00fa, A., Hernando-G\u00f3mez, A., &amp; Bonilla-del-R\u00edo, M. (Eds.), Redes sociales y ciudadan\u00eda: Ciberculturas para el aprendizaje (pp. 727-733). Grupo Comunicar Ediciones<\/p>\n","protected":false},"excerpt":{"rendered":"<p>Cap\u00edtulo de libro de las investigadora de Intern\u00e9tica Mar\u00eda Alzira Pimenta en el libro Redes sociales y ciudadan\u00eda: Ciberculturas para el aprendizaje. This article presents the partial results of the research \u00abTruth and ethics in social networks: perceptions andeducational influences on young users of Facebook, Twitter, Instagram and Youtube\u00bb in Brazil. The generalobjective of the [&hellip;]<\/p>\n","protected":false},"author":4,"featured_media":0,"comment_status":"closed","ping_status":"open","sticky":false,"template":"","format":"standard","meta":{"footnotes":""},"categories":[21,18],"tags":[52],"class_list":["post-888","post","type-post","status-publish","format-standard","hentry","category-capitulos-de-libro","category-publicaciones","tag-maria-alzira-pimenta"],"_links":{"self":[{"href":"https:\/\/www.educacionmediatica.es\/index.php\/wp-json\/wp\/v2\/posts\/888","targetHints":{"allow":["GET"]}}],"collection":[{"href":"https:\/\/www.educacionmediatica.es\/index.php\/wp-json\/wp\/v2\/posts"}],"about":[{"href":"https:\/\/www.educacionmediatica.es\/index.php\/wp-json\/wp\/v2\/types\/post"}],"author":[{"embeddable":true,"href":"https:\/\/www.educacionmediatica.es\/index.php\/wp-json\/wp\/v2\/users\/4"}],"replies":[{"embeddable":true,"href":"https:\/\/www.educacionmediatica.es\/index.php\/wp-json\/wp\/v2\/comments?post=888"}],"version-history":[{"count":1,"href":"https:\/\/www.educacionmediatica.es\/index.php\/wp-json\/wp\/v2\/posts\/888\/revisions"}],"predecessor-version":[{"id":889,"href":"https:\/\/www.educacionmediatica.es\/index.php\/wp-json\/wp\/v2\/posts\/888\/revisions\/889"}],"wp:attachment":[{"href":"https:\/\/www.educacionmediatica.es\/index.php\/wp-json\/wp\/v2\/media?parent=888"}],"wp:term":[{"taxonomy":"category","embeddable":true,"href":"https:\/\/www.educacionmediatica.es\/index.php\/wp-json\/wp\/v2\/categories?post=888"},{"taxonomy":"post_tag","embeddable":true,"href":"https:\/\/www.educacionmediatica.es\/index.php\/wp-json\/wp\/v2\/tags?post=888"}],"curies":[{"name":"wp","href":"https:\/\/api.w.org\/{rel}","templated":true}]}}