{"id":890,"date":"2020-06-19T11:48:00","date_gmt":"2020-06-19T11:48:00","guid":{"rendered":"https:\/\/www.educacionmediatica.es\/?p=890"},"modified":"2023-06-15T11:57:40","modified_gmt":"2023-06-15T11:57:40","slug":"brechas-digitales-de-genero-una-revision-del-concepto-2","status":"publish","type":"post","link":"https:\/\/www.educacionmediatica.es\/index.php\/2020\/06\/19\/brechas-digitales-de-genero-una-revision-del-concepto-2\/","title":{"rendered":"Brechas digitales de g\u00e9nero. Una revisi\u00f3n del concepto"},"content":{"rendered":"\n<p>Art\u00edculo de los investigadores de Intern\u00e9tica Susana de Andr\u00e9s, Rocio Collado y Jos\u00e9 Ignacio Garc\u00eda-Lomas en la revista Etic@net. Puede encontrarse el art\u00edculo completo en el enlace al final de la entrada.<\/p>\n\n\n\n<p>En este trabajo se revisa de forma cr\u00edtica el concepto de brecha digital de g\u00e9nero entendido, de manera general, como mero indicador de acceso y uso. Se cuestionan los intereses econ\u00f3micos y pol\u00edticos de tales indicadores y se re\u00fanen criterios m\u00e1s cualitativos, desde una perspectiva de g\u00e9nero. Se parte de la hip\u00f3tesis de que la meta de brecha cero de acceso digital no es en s\u00ed misma un indicador suficiente de equidad, sino que puede constituir una trampa para conseguir declarar falsos logros de igualdad. Se aportan representaciones basadas en el pensamiento visual para ayudar a comprender los filtros androc\u00e9ntricos que intervienen en la inclusi\u00f3n digital. Se plantea la necesidad de encontrar criterios cualitativos de an\u00e1lisis con perspectivas feministas que identifiquen verdaderos hitos de integraci\u00f3n y garant\u00eda de derechos<\/p>\n\n\n\n<p>De Andr\u00e9s, S.; Collado, R.; Garc\u00eda Lomas, J.I. (2020). Brechas digitales de g\u00e9nero. Una revisi\u00f3n del concepto. Etic@net. Revista cient\u00edfica electr\u00f3nica de Educaci\u00f3n y Comunicaci\u00f3n en la Sociedad del Conocimiento. I-20, pp.34-58. ISSN 1695-324X.<br><a href=\"https:\/\/doi.org\/10.30827\/eticanet.v20i1.15521\">https:\/\/doi.org\/10.30827\/eticanet.v20i1.15521<\/a><\/p>\n","protected":false},"excerpt":{"rendered":"<p>Art\u00edculo de los investigadores de Intern\u00e9tica Susana de Andr\u00e9s, Rocio Collado y Jos\u00e9 Ignacio Garc\u00eda-Lomas en la revista Etic@net. Puede encontrarse el art\u00edculo completo en el enlace al final de la entrada. En este trabajo se revisa de forma cr\u00edtica el concepto de brecha digital de g\u00e9nero entendido, de manera general, como mero indicador de [&hellip;]<\/p>\n","protected":false},"author":4,"featured_media":0,"comment_status":"closed","ping_status":"open","sticky":false,"template":"","format":"standard","meta":{"footnotes":""},"categories":[20,18],"tags":[53,38,37],"class_list":["post-890","post","type-post","status-publish","format-standard","hentry","category-articulos","category-publicaciones","tag-jose-ignacio-garcia-lomas","tag-rocio-collado","tag-susana-de-andres"],"_links":{"self":[{"href":"https:\/\/www.educacionmediatica.es\/index.php\/wp-json\/wp\/v2\/posts\/890","targetHints":{"allow":["GET"]}}],"collection":[{"href":"https:\/\/www.educacionmediatica.es\/index.php\/wp-json\/wp\/v2\/posts"}],"about":[{"href":"https:\/\/www.educacionmediatica.es\/index.php\/wp-json\/wp\/v2\/types\/post"}],"author":[{"embeddable":true,"href":"https:\/\/www.educacionmediatica.es\/index.php\/wp-json\/wp\/v2\/users\/4"}],"replies":[{"embeddable":true,"href":"https:\/\/www.educacionmediatica.es\/index.php\/wp-json\/wp\/v2\/comments?post=890"}],"version-history":[{"count":1,"href":"https:\/\/www.educacionmediatica.es\/index.php\/wp-json\/wp\/v2\/posts\/890\/revisions"}],"predecessor-version":[{"id":891,"href":"https:\/\/www.educacionmediatica.es\/index.php\/wp-json\/wp\/v2\/posts\/890\/revisions\/891"}],"wp:attachment":[{"href":"https:\/\/www.educacionmediatica.es\/index.php\/wp-json\/wp\/v2\/media?parent=890"}],"wp:term":[{"taxonomy":"category","embeddable":true,"href":"https:\/\/www.educacionmediatica.es\/index.php\/wp-json\/wp\/v2\/categories?post=890"},{"taxonomy":"post_tag","embeddable":true,"href":"https:\/\/www.educacionmediatica.es\/index.php\/wp-json\/wp\/v2\/tags?post=890"}],"curies":[{"name":"wp","href":"https:\/\/api.w.org\/{rel}","templated":true}]}}