{"id":893,"date":"2021-11-30T12:11:00","date_gmt":"2021-11-30T12:11:00","guid":{"rendered":"https:\/\/www.educacionmediatica.es\/?p=893"},"modified":"2023-06-15T12:15:36","modified_gmt":"2023-06-15T12:15:36","slug":"educomunicacion-tics-y-prision-testimonios-de-personas-privadas-de-libertad-en-torno-a-la-exclusion-digital","status":"publish","type":"post","link":"https:\/\/www.educacionmediatica.es\/index.php\/2021\/11\/30\/educomunicacion-tics-y-prision-testimonios-de-personas-privadas-de-libertad-en-torno-a-la-exclusion-digital\/","title":{"rendered":"Educomunicaci\u00f3n, TICs y prisi\u00f3n: Testimonios de personas privadas de libertad en torno a la exclusi\u00f3n digital"},"content":{"rendered":"\n<p>Art\u00edculo en la revista Fonseca de los investigadores de Intern\u00e9tica, Susana de Andr\u00e9s, Agust\u00edn Garc\u00eda Matilla y Jos\u00e9 Mar\u00eda Merch\u00e1n. El enlace al art\u00edculo completo se encuentra al final de la entrada.<\/p>\n\n\n\n<p>Este art\u00edculo presenta los resultados de una investigaci\u00f3n cualitativa sobre la percepci\u00f3n de personas internas del centro penitenciario de Topas, Salamanca (Espa\u00f1a) en torno a las oportunidades educativas y el uso de TICs que realizan en la c\u00e1rcel. Valoran como un h\u00e1ndicap la brecha tecnol\u00f3gica y la falta de oportunidades para compensarla, ya que, en su opini\u00f3n, frenar\u00e1 sus oportunidades de reinserci\u00f3n. El derecho al acceso a las nuevas tecnolog\u00edas de la informaci\u00f3n y la comunicaci\u00f3n est\u00e1 recogido en el marco del Derecho a la Educaci\u00f3n. Se trata de un Derecho Fundamental contemplado en el ordenamiento jur\u00eddico nacional e internacional, que parece encontrar una de sus fisuras en un modelo de c\u00e1rcel en el que las penas de privaci\u00f3n de libertad se suman a la restricci\u00f3n de acceso a estas tecnolog\u00edas, a pesar de que la c\u00e1rcel se defina por su finalidad reeducativa y resocializadora.<\/p>\n\n\n\n<p>De Andr\u00e9s, S., Garc\u00eda Matilla, A. y Merch\u00e1n, J. M. 2021. Educomunicaci\u00f3n, TICs y prisi\u00f3n: Testimonios de personas privadas de libertad en torno a la exclusi\u00f3n digital. Fonseca, Journal of Communication, (23), 275\u2013290. <a href=\"https:\/\/doi.org\/10.14201\/fjc202123275290\">https:\/\/doi.org\/10.14201\/fjc202123275290<\/a><\/p>\n","protected":false},"excerpt":{"rendered":"<p>Art\u00edculo en la revista Fonseca de los investigadores de Intern\u00e9tica, Susana de Andr\u00e9s, Agust\u00edn Garc\u00eda Matilla y Jos\u00e9 Mar\u00eda Merch\u00e1n. El enlace al art\u00edculo completo se encuentra al final de la entrada. Este art\u00edculo presenta los resultados de una investigaci\u00f3n cualitativa sobre la percepci\u00f3n de personas internas del centro penitenciario de Topas, Salamanca (Espa\u00f1a) en [&hellip;]<\/p>\n","protected":false},"author":4,"featured_media":0,"comment_status":"closed","ping_status":"open","sticky":false,"template":"","format":"standard","meta":{"footnotes":""},"categories":[20,8,18],"tags":[24,46,37],"class_list":["post-893","post","type-post","status-publish","format-standard","hentry","category-articulos","category-noticias","category-publicaciones","tag-agustin-garcia-matilla","tag-jose-maria-merchan-2","tag-susana-de-andres"],"_links":{"self":[{"href":"https:\/\/www.educacionmediatica.es\/index.php\/wp-json\/wp\/v2\/posts\/893","targetHints":{"allow":["GET"]}}],"collection":[{"href":"https:\/\/www.educacionmediatica.es\/index.php\/wp-json\/wp\/v2\/posts"}],"about":[{"href":"https:\/\/www.educacionmediatica.es\/index.php\/wp-json\/wp\/v2\/types\/post"}],"author":[{"embeddable":true,"href":"https:\/\/www.educacionmediatica.es\/index.php\/wp-json\/wp\/v2\/users\/4"}],"replies":[{"embeddable":true,"href":"https:\/\/www.educacionmediatica.es\/index.php\/wp-json\/wp\/v2\/comments?post=893"}],"version-history":[{"count":1,"href":"https:\/\/www.educacionmediatica.es\/index.php\/wp-json\/wp\/v2\/posts\/893\/revisions"}],"predecessor-version":[{"id":894,"href":"https:\/\/www.educacionmediatica.es\/index.php\/wp-json\/wp\/v2\/posts\/893\/revisions\/894"}],"wp:attachment":[{"href":"https:\/\/www.educacionmediatica.es\/index.php\/wp-json\/wp\/v2\/media?parent=893"}],"wp:term":[{"taxonomy":"category","embeddable":true,"href":"https:\/\/www.educacionmediatica.es\/index.php\/wp-json\/wp\/v2\/categories?post=893"},{"taxonomy":"post_tag","embeddable":true,"href":"https:\/\/www.educacionmediatica.es\/index.php\/wp-json\/wp\/v2\/tags?post=893"}],"curies":[{"name":"wp","href":"https:\/\/api.w.org\/{rel}","templated":true}]}}