{"id":895,"date":"2022-06-14T12:16:00","date_gmt":"2022-06-14T12:16:00","guid":{"rendered":"https:\/\/www.educacionmediatica.es\/?p=895"},"modified":"2023-06-15T12:21:21","modified_gmt":"2023-06-15T12:21:21","slug":"comunicacion-radical-despatriarcalizar-decolonizar-y-ecologizar-la-cultura-mediatica","status":"publish","type":"post","link":"https:\/\/www.educacionmediatica.es\/index.php\/2022\/06\/14\/comunicacion-radical-despatriarcalizar-decolonizar-y-ecologizar-la-cultura-mediatica\/","title":{"rendered":"Comunicaci\u00f3n radical: despatriarcalizar, decolonizar y ecologizar la cultura medi\u00e1tica"},"content":{"rendered":"\n<figure class=\"wp-block-image size-full\"><img loading=\"lazy\" decoding=\"async\" width=\"596\" height=\"884\" src=\"https:\/\/www.educacionmediatica.es\/wp-content\/uploads\/2023\/06\/imagen.png\" alt=\"\" class=\"wp-image-896\" srcset=\"https:\/\/www.educacionmediatica.es\/wp-content\/uploads\/2023\/06\/imagen.png 596w, https:\/\/www.educacionmediatica.es\/wp-content\/uploads\/2023\/06\/imagen-202x300.png 202w\" sizes=\"auto, (max-width: 596px) 100vw, 596px\" \/><\/figure>\n\n\n\n<p>\u201cComunicaci\u00f3n radical: despatriarcalizar, decolonizar y ecologizar la cultura medi\u00e1tica\u201d (Editorial Gedisa, 2022) es el libro m\u00e1s reciente de Susana de Andr\u00e9s del Campo y Manuel Chaparro Escudero. La obra invita a repensar\/regenerar el modelo de comunicaci\u00f3n actual y su papel en la transformaci\u00f3n ecosocial que necesitamos. Conceptos como decolonialidad, feminismo, pacifismo y ecolog\u00eda son centrales para liberarnos de la dominaci\u00f3n cultural, social, econ\u00f3mica y ambiental. En este sentido, el libro traza rutas de pensamiento y acci\u00f3n.<\/p>\n\n\n\n<p>De Andr\u00e9s, S. y Chaparro, M. (2022). C<em>omunicaci\u00f3n radical. Despatriarcalizar, decolonizar y ecologizar la cultura medi\u00e1tica.<\/em> Gedisa Editorial.<\/p>\n","protected":false},"excerpt":{"rendered":"<p>\u201cComunicaci\u00f3n radical: despatriarcalizar, decolonizar y ecologizar la cultura medi\u00e1tica\u201d (Editorial Gedisa, 2022) es el libro m\u00e1s reciente de Susana de Andr\u00e9s del Campo y Manuel Chaparro Escudero. La obra invita a repensar\/regenerar el modelo de comunicaci\u00f3n actual y su papel en la transformaci\u00f3n ecosocial que necesitamos. Conceptos como decolonialidad, feminismo, pacifismo y ecolog\u00eda son centrales [&hellip;]<\/p>\n","protected":false},"author":4,"featured_media":0,"comment_status":"closed","ping_status":"open","sticky":false,"template":"","format":"standard","meta":{"footnotes":""},"categories":[18],"tags":[45,37],"class_list":["post-895","post","type-post","status-publish","format-standard","hentry","category-publicaciones","tag-manuel-chaparro","tag-susana-de-andres"],"_links":{"self":[{"href":"https:\/\/www.educacionmediatica.es\/index.php\/wp-json\/wp\/v2\/posts\/895","targetHints":{"allow":["GET"]}}],"collection":[{"href":"https:\/\/www.educacionmediatica.es\/index.php\/wp-json\/wp\/v2\/posts"}],"about":[{"href":"https:\/\/www.educacionmediatica.es\/index.php\/wp-json\/wp\/v2\/types\/post"}],"author":[{"embeddable":true,"href":"https:\/\/www.educacionmediatica.es\/index.php\/wp-json\/wp\/v2\/users\/4"}],"replies":[{"embeddable":true,"href":"https:\/\/www.educacionmediatica.es\/index.php\/wp-json\/wp\/v2\/comments?post=895"}],"version-history":[{"count":1,"href":"https:\/\/www.educacionmediatica.es\/index.php\/wp-json\/wp\/v2\/posts\/895\/revisions"}],"predecessor-version":[{"id":897,"href":"https:\/\/www.educacionmediatica.es\/index.php\/wp-json\/wp\/v2\/posts\/895\/revisions\/897"}],"wp:attachment":[{"href":"https:\/\/www.educacionmediatica.es\/index.php\/wp-json\/wp\/v2\/media?parent=895"}],"wp:term":[{"taxonomy":"category","embeddable":true,"href":"https:\/\/www.educacionmediatica.es\/index.php\/wp-json\/wp\/v2\/categories?post=895"},{"taxonomy":"post_tag","embeddable":true,"href":"https:\/\/www.educacionmediatica.es\/index.php\/wp-json\/wp\/v2\/tags?post=895"}],"curies":[{"name":"wp","href":"https:\/\/api.w.org\/{rel}","templated":true}]}}