{"id":898,"date":"2021-06-07T12:21:00","date_gmt":"2021-06-07T12:21:00","guid":{"rendered":"https:\/\/www.educacionmediatica.es\/?p=898"},"modified":"2023-07-03T12:38:26","modified_gmt":"2023-07-03T12:38:26","slug":"fake-news-and-generation-z-journalists-post-millennial-solutions-against-disinformation","status":"publish","type":"post","link":"https:\/\/www.educacionmediatica.es\/index.php\/2021\/06\/07\/fake-news-and-generation-z-journalists-post-millennial-solutions-against-disinformation\/","title":{"rendered":"Fake news and generation z journalists. Post-millennial solutions against disinformation"},"content":{"rendered":"\n<p>Art\u00edculo de David Garc\u00eda Mar\u00edn, investigador del proyecto Inten\u00e9tica, en la revista Vivat Academia.<\/p>\n\n\n\n<p>El fen\u00f3meno de la desinformaci\u00f3n es uno de los asuntos m\u00e1s analizados en los \u00faltimos a\u00f1os en el \u00e1mbito de la investigaci\u00f3n en comunicaci\u00f3n. Sin embargo, a\u00fan no existe un gran conocimiento acerca de la percepci\u00f3n que sobre esta problem\u00e1tica tienen los j\u00f3venes comunicadores, esenciales en la adopci\u00f3n de estrategias futuras para combatirla. Mediante la realizaci\u00f3n de 45 entrevistas en profundidad a periodistas de la Generaci\u00f3n Z (media de edad: 24,14 a\u00f1os) complementadas con dos grupos de discusi\u00f3n y la aplicaci\u00f3n de un cuestionario bajo la t\u00e9cnica del diferencial sem\u00e1ntico (con tratamiento estad\u00edstico descriptivo e inferencial), esta investigaci\u00f3n pretende conocer cu\u00e1les son las ideas hegem\u00f3nicas de los nuevos periodistas sobre este fen\u00f3meno y c\u00f3mo perciben sus posibles soluciones. Para los j\u00f3venes periodistas, la soluci\u00f3n del problema debe abordarse desde un <em>tecnocentrismo integrador<\/em> que combina el determinismo tecnol\u00f3gico con una perspectiva tradicionalista que contin\u00faa recurriendo a los viejos valores del periodismo para combatir los des\u00f3rdenes informativos que proliferan en la actualidad. El periodismo de datos, que fusiona saberes y pr\u00e1cticas del periodismo tradicional con nuevos instrumentos tecnol\u00f3gicos, se percibe como una soluci\u00f3n m\u00e1s eficaz que el <em>fact-checking<\/em> y la inteligencia artificial, a pesar de que estas dos \u00faltimas pr\u00e1cticas se consideran m\u00e1s r\u00e1pidas para luchar contra la desinformaci\u00f3n. En paralelo, estos profesionales de la comunicaci\u00f3n ponen de relieve la necesidad de desarrollar la educaci\u00f3n digital, medi\u00e1tica y cr\u00edtica de la ciudadan\u00eda.<\/p>\n\n\n\n<p>Garc\u00eda-Mar\u00edn, D. (2021). Fake news and generation z journalists. Post-millennial solutions against disinformation. Vivat Academia. Revista de Comunicaci\u00f3n, 154, 37-63. http:\/\/doi.org\/10.15178\/va.2021.154.e1324<br>http:\/\/www.vivatacademia.net\/index.php\/vivat\/article\/view\/1324<\/p>\n","protected":false},"excerpt":{"rendered":"<p>Art\u00edculo de David Garc\u00eda Mar\u00edn, investigador del proyecto Inten\u00e9tica, en la revista Vivat Academia. El fen\u00f3meno de la desinformaci\u00f3n es uno de los asuntos m\u00e1s analizados en los \u00faltimos a\u00f1os en el \u00e1mbito de la investigaci\u00f3n en comunicaci\u00f3n. Sin embargo, a\u00fan no existe un gran conocimiento acerca de la percepci\u00f3n que sobre esta problem\u00e1tica tienen [&hellip;]<\/p>\n","protected":false},"author":4,"featured_media":0,"comment_status":"closed","ping_status":"open","sticky":false,"template":"","format":"standard","meta":{"footnotes":""},"categories":[20,8,18],"tags":[34],"class_list":["post-898","post","type-post","status-publish","format-standard","hentry","category-articulos","category-noticias","category-publicaciones","tag-david-garcia"],"_links":{"self":[{"href":"https:\/\/www.educacionmediatica.es\/index.php\/wp-json\/wp\/v2\/posts\/898","targetHints":{"allow":["GET"]}}],"collection":[{"href":"https:\/\/www.educacionmediatica.es\/index.php\/wp-json\/wp\/v2\/posts"}],"about":[{"href":"https:\/\/www.educacionmediatica.es\/index.php\/wp-json\/wp\/v2\/types\/post"}],"author":[{"embeddable":true,"href":"https:\/\/www.educacionmediatica.es\/index.php\/wp-json\/wp\/v2\/users\/4"}],"replies":[{"embeddable":true,"href":"https:\/\/www.educacionmediatica.es\/index.php\/wp-json\/wp\/v2\/comments?post=898"}],"version-history":[{"count":1,"href":"https:\/\/www.educacionmediatica.es\/index.php\/wp-json\/wp\/v2\/posts\/898\/revisions"}],"predecessor-version":[{"id":899,"href":"https:\/\/www.educacionmediatica.es\/index.php\/wp-json\/wp\/v2\/posts\/898\/revisions\/899"}],"wp:attachment":[{"href":"https:\/\/www.educacionmediatica.es\/index.php\/wp-json\/wp\/v2\/media?parent=898"}],"wp:term":[{"taxonomy":"category","embeddable":true,"href":"https:\/\/www.educacionmediatica.es\/index.php\/wp-json\/wp\/v2\/categories?post=898"},{"taxonomy":"post_tag","embeddable":true,"href":"https:\/\/www.educacionmediatica.es\/index.php\/wp-json\/wp\/v2\/tags?post=898"}],"curies":[{"name":"wp","href":"https:\/\/api.w.org\/{rel}","templated":true}]}}