{"id":903,"date":"2021-09-15T12:30:00","date_gmt":"2021-09-15T12:30:00","guid":{"rendered":"https:\/\/www.educacionmediatica.es\/?p=903"},"modified":"2023-06-15T12:37:31","modified_gmt":"2023-06-15T12:37:31","slug":"la-representacion-de-china-en-la-desinformacion-sobre-la-covid-19-aproximacion-desde-el-contexto-latinoamericano","status":"publish","type":"post","link":"https:\/\/www.educacionmediatica.es\/index.php\/2021\/09\/15\/la-representacion-de-china-en-la-desinformacion-sobre-la-covid-19-aproximacion-desde-el-contexto-latinoamericano\/","title":{"rendered":"La representaci\u00f3n de China en la desinformaci\u00f3n sobre la Covid-19. Aproximaci\u00f3n desde el contexto latinoamericano"},"content":{"rendered":"\n<p>Cap\u00edtulo del libro Muros de discriminaci\u00f3n y exclusi\u00f3n en la construcci\u00f3n de identidadesla mirada de las ciencias sociales del investigador de Intern\u00e9tica David Garc\u00eda Mar\u00edn. Al final de la entrada puede encontrarse el link al libro completo.<\/p>\n\n\n\n<p>Seg\u00fan el informe Edelman Trust Barometer de 2021, la confianza depositada por la ciudadan\u00eda en la veracidad de las fuentes de informaci\u00f3n<br>disponibles ha descendido considerablemente en los \u00faltimos a\u00f1os, de<br>manera que solo un 35% de la poblaci\u00f3n afirma confiar en las redes<br>sociales y un 53% en los medios de comunicaci\u00f3n tradicionales.<br><br>Sin embargo, aunque la desinformaci\u00f3n est\u00e9 en auge, la existencia de<br>noticias falsas se remonta siglos atr\u00e1s en la historia. Antes de la invenci\u00f3n<br>de la imprenta, las noticias se transmit\u00edan principalmente por el<br>boca a boca, aunque los grandes l\u00edderes ten\u00edan acceso a ciertas formas<br>de escritura. Este control de la informaci\u00f3n les otorgaba poder sobre la<br>poblaci\u00f3n, lo que contribuy\u00f3 a la creaci\u00f3n de sociedades culturalmente<br>jerarquizadas. Con la invenci\u00f3n de la imprenta, la informaci\u00f3n comenz\u00f3<br>a ser difundida m\u00e1s ampliamente, por lo que la capacidad de escribir<br>falsedades de manera convincente se convirti\u00f3 en una poderosa habilidad.<br>Esta situaci\u00f3n se vio agravada con el desarrollo de la expresi\u00f3n<br>art\u00edstica, ya que la transmisi\u00f3n de hechos irreales pod\u00eda apoyarse en<br>soportes visuales que aportaban credibilidad para penetrar en el imaginario<br>colectivo (Illades, 2018).<\/p>\n\n\n\n<p><\/p>\n\n\n\n<p>Garc\u00eda-Mar\u00edn, D. (2021). La representaci\u00f3n de China en la desinformaci\u00f3n sobre la Covid-19. Aproximaci\u00f3n desde el contexto latinoamericano. En: Cot\u00e1n-Fern\u00e1ndez, A. y Ruiz-S\u00e1nchez, J.C. (Coords.). Muros de discriminaci\u00f3n y exclusi\u00f3n en la construcci\u00f3n de identidades: la mirada de las Ciencias Sociales, (pp. 1135-1152). Dykinson. ISBN: 978-84-1377-564-<br><a href=\"https:\/\/dialnet.unirioja.es\/servlet\/libro?codigo=850227\">https:\/\/dialnet.unirioja.es\/servlet\/libro?codigo=850227<\/a><\/p>\n","protected":false},"excerpt":{"rendered":"<p>Cap\u00edtulo del libro Muros de discriminaci\u00f3n y exclusi\u00f3n en la construcci\u00f3n de identidadesla mirada de las ciencias sociales del investigador de Intern\u00e9tica David Garc\u00eda Mar\u00edn. Al final de la entrada puede encontrarse el link al libro completo. Seg\u00fan el informe Edelman Trust Barometer de 2021, la confianza depositada por la ciudadan\u00eda en la veracidad de [&hellip;]<\/p>\n","protected":false},"author":4,"featured_media":0,"comment_status":"closed","ping_status":"open","sticky":false,"template":"","format":"standard","meta":{"footnotes":""},"categories":[21,18],"tags":[34],"class_list":["post-903","post","type-post","status-publish","format-standard","hentry","category-capitulos-de-libro","category-publicaciones","tag-david-garcia"],"_links":{"self":[{"href":"https:\/\/www.educacionmediatica.es\/index.php\/wp-json\/wp\/v2\/posts\/903","targetHints":{"allow":["GET"]}}],"collection":[{"href":"https:\/\/www.educacionmediatica.es\/index.php\/wp-json\/wp\/v2\/posts"}],"about":[{"href":"https:\/\/www.educacionmediatica.es\/index.php\/wp-json\/wp\/v2\/types\/post"}],"author":[{"embeddable":true,"href":"https:\/\/www.educacionmediatica.es\/index.php\/wp-json\/wp\/v2\/users\/4"}],"replies":[{"embeddable":true,"href":"https:\/\/www.educacionmediatica.es\/index.php\/wp-json\/wp\/v2\/comments?post=903"}],"version-history":[{"count":1,"href":"https:\/\/www.educacionmediatica.es\/index.php\/wp-json\/wp\/v2\/posts\/903\/revisions"}],"predecessor-version":[{"id":904,"href":"https:\/\/www.educacionmediatica.es\/index.php\/wp-json\/wp\/v2\/posts\/903\/revisions\/904"}],"wp:attachment":[{"href":"https:\/\/www.educacionmediatica.es\/index.php\/wp-json\/wp\/v2\/media?parent=903"}],"wp:term":[{"taxonomy":"category","embeddable":true,"href":"https:\/\/www.educacionmediatica.es\/index.php\/wp-json\/wp\/v2\/categories?post=903"},{"taxonomy":"post_tag","embeddable":true,"href":"https:\/\/www.educacionmediatica.es\/index.php\/wp-json\/wp\/v2\/tags?post=903"}],"curies":[{"name":"wp","href":"https:\/\/api.w.org\/{rel}","templated":true}]}}