{"id":907,"date":"2021-09-15T12:56:00","date_gmt":"2021-09-15T12:56:00","guid":{"rendered":"https:\/\/www.educacionmediatica.es\/?p=907"},"modified":"2023-06-15T13:04:01","modified_gmt":"2023-06-15T13:04:01","slug":"la-narrativa-transmedia-en-la-academia-dos-decadas-despues-analisis-de-expertos-y-estudiantes-de-posgrado","status":"publish","type":"post","link":"https:\/\/www.educacionmediatica.es\/index.php\/2021\/09\/15\/la-narrativa-transmedia-en-la-academia-dos-decadas-despues-analisis-de-expertos-y-estudiantes-de-posgrado\/","title":{"rendered":"La narrativa transmedia en la academia, dos d\u00e9cadas despu\u00e9s. An\u00e1lisis de expertos y estudiantes de posgrado"},"content":{"rendered":"\n<p>Cap\u00edtulo del libro Cultura participativa, fandom y narrativas emergentes en redes sociales de los investigadores del proyecto Intern\u00e9tica David Garc\u00eda Mar\u00edn y Laura Picazo S\u00e1nchez.<\/p>\n\n\n\n<p>La llegada de Internet y, sobre todo la Web 2.0, potenci\u00f3 la posibilidad<br>de crear producciones transmedia, grandes universos narrativos<br>mediante la utilizaci\u00f3n de plataformas diversas y textualidades diferentes<br>en espacios diferenciados de la Red (y fuera de ella), desbordando<br>las fronteras de los relatos monomedi\u00e1ticos del pasado. Sin<br>embargo, hemos de considerar la existencia de universos transmedia<br>antes de la llegada de la Web, por lo que las din\u00e1micas de transmedializaci\u00f3n de las historias no deben ser explicadas como un fen\u00f3meno exclusivo de nuestros d\u00edas. En realidad, la narrativa transmedia constituye una reconfiguraci\u00f3n de viejas l\u00f3gicas del sector de la producci\u00f3n<br>cultural, ya que la idea de expandir una franquicia en varios medios<br>no es algo completamente nuevo (Jenkins et al., 2015).<\/p>\n\n\n\n<p>Garc\u00eda-Mar\u00edn. D. y Picazo-S\u00e1nchez, L. (2021). La narrativa transmedia en la academia, dos d\u00e9cadas despu\u00e9s. An\u00e1lisis de expertos y estudiantes de posgrado. En el libro \u201cCultura participativa, fandom y narrativas emergentes en redes sociales\u201d. Coordinadores: Arantxa Vizca\u00edno-Verd\u00fa, M\u00f3nica Bonilla-del-R\u00edo, Noelia Ibarra-Rius. Dykinson S.L. (30-53).<\/p>\n","protected":false},"excerpt":{"rendered":"<p>Cap\u00edtulo del libro Cultura participativa, fandom y narrativas emergentes en redes sociales de los investigadores del proyecto Intern\u00e9tica David Garc\u00eda Mar\u00edn y Laura Picazo S\u00e1nchez. La llegada de Internet y, sobre todo la Web 2.0, potenci\u00f3 la posibilidadde crear producciones transmedia, grandes universos narrativosmediante la utilizaci\u00f3n de plataformas diversas y textualidades diferentesen espacios diferenciados de [&hellip;]<\/p>\n","protected":false},"author":4,"featured_media":0,"comment_status":"closed","ping_status":"open","sticky":false,"template":"","format":"standard","meta":{"footnotes":""},"categories":[21,18],"tags":[34,48],"class_list":["post-907","post","type-post","status-publish","format-standard","hentry","category-capitulos-de-libro","category-publicaciones","tag-david-garcia","tag-laura-picazo-sanchez"],"_links":{"self":[{"href":"https:\/\/www.educacionmediatica.es\/index.php\/wp-json\/wp\/v2\/posts\/907","targetHints":{"allow":["GET"]}}],"collection":[{"href":"https:\/\/www.educacionmediatica.es\/index.php\/wp-json\/wp\/v2\/posts"}],"about":[{"href":"https:\/\/www.educacionmediatica.es\/index.php\/wp-json\/wp\/v2\/types\/post"}],"author":[{"embeddable":true,"href":"https:\/\/www.educacionmediatica.es\/index.php\/wp-json\/wp\/v2\/users\/4"}],"replies":[{"embeddable":true,"href":"https:\/\/www.educacionmediatica.es\/index.php\/wp-json\/wp\/v2\/comments?post=907"}],"version-history":[{"count":1,"href":"https:\/\/www.educacionmediatica.es\/index.php\/wp-json\/wp\/v2\/posts\/907\/revisions"}],"predecessor-version":[{"id":908,"href":"https:\/\/www.educacionmediatica.es\/index.php\/wp-json\/wp\/v2\/posts\/907\/revisions\/908"}],"wp:attachment":[{"href":"https:\/\/www.educacionmediatica.es\/index.php\/wp-json\/wp\/v2\/media?parent=907"}],"wp:term":[{"taxonomy":"category","embeddable":true,"href":"https:\/\/www.educacionmediatica.es\/index.php\/wp-json\/wp\/v2\/categories?post=907"},{"taxonomy":"post_tag","embeddable":true,"href":"https:\/\/www.educacionmediatica.es\/index.php\/wp-json\/wp\/v2\/tags?post=907"}],"curies":[{"name":"wp","href":"https:\/\/api.w.org\/{rel}","templated":true}]}}