{"id":915,"date":"2021-10-18T07:45:00","date_gmt":"2021-10-18T07:45:00","guid":{"rendered":"https:\/\/www.educacionmediatica.es\/?p=915"},"modified":"2023-07-03T07:50:50","modified_gmt":"2023-07-03T07:50:50","slug":"educar-en-comunicacion-en-tiempos-de-incertidumbre","status":"publish","type":"post","link":"https:\/\/www.educacionmediatica.es\/index.php\/2021\/10\/18\/educar-en-comunicacion-en-tiempos-de-incertidumbre\/","title":{"rendered":"Educar en comunicaci\u00f3n en tiempos de incertidumbre"},"content":{"rendered":"\n<figure class=\"wp-block-image size-full\"><img loading=\"lazy\" decoding=\"async\" width=\"390\" height=\"585\" src=\"https:\/\/www.educacionmediatica.es\/wp-content\/uploads\/2023\/07\/imagen.png\" alt=\"\" class=\"wp-image-916\" srcset=\"https:\/\/www.educacionmediatica.es\/wp-content\/uploads\/2023\/07\/imagen.png 390w, https:\/\/www.educacionmediatica.es\/wp-content\/uploads\/2023\/07\/imagen-200x300.png 200w\" sizes=\"auto, (max-width: 390px) 100vw, 390px\" \/><\/figure>\n\n\n\n<p>Cap\u00edtulo de libro del investigador del proyecto Inten\u00e9tica, Agust\u00edn Garc\u00eda Matilla, en el libro El algoritmo de la incertidumbre.<\/p>\n\n\n\n<p>La informaci\u00f3n y la comunicaci\u00f3n son herramientas prioritarias para una toma de conciencia social que deber\u00eda ayudar a pensar en c\u00f3mo defender la idea de \u00abbien com\u00fan\u00bb. Creo imprescindible hacer este an\u00e1lisis en un momento de crisis sanitaria provocada por la pandemia de la y que ha devenido en la mayor crisis econ\u00f3mica y social del presente siglo.<\/p>\n\n\n\n<p>\u00a0\u00a0\u00a0\u00a0\u00a0Las otras pandemias, que han golpeado tambi\u00e9n con fuerza desde 2020, se vienen fraguando desde hace ya muchos a\u00f1os y han explotado en este tr\u00e1nsito entre la segunda y la tercera d\u00e9cada del Son pandemias de mala informaci\u00f3n, de p\u00e9sima comunicaci\u00f3n, de falta de cultura de la escucha de los ni\u00f1os, de los j\u00f3venes y de las minor\u00edas; de crisis de valores que priorizan un individualismo feroz, tratando de restar importancia a verdaderos valores que sirvan al bien com\u00fan y formen un esp\u00edritu solidario que contribuya a reducir las desigualdades. Esta crisis nos ha afectado m\u00e1s porque como sociedad no estamos dando prioridad a la educaci\u00f3n, ni a la cultura, ni al desarrollo de la ciencia, ni estamos exigiendo a los pol\u00edticos la imprescindible <em>decencia<\/em> que se espera del cumplimiento de la funci\u00f3n p\u00fablica.<\/p>\n\n\n\n<p>Garc\u00eda-Matilla, A. (2021). Educar en comunicaci\u00f3n en tiempos de incertidumbre. En Aparici, R y Mart\u00ednez-P\u00e9rez, J. (coords). El algoritmo de la incertidumbre. Barcelona: Gedisa.<\/p>\n","protected":false},"excerpt":{"rendered":"<p>Cap\u00edtulo de libro del investigador del proyecto Inten\u00e9tica, Agust\u00edn Garc\u00eda Matilla, en el libro El algoritmo de la incertidumbre. La informaci\u00f3n y la comunicaci\u00f3n son herramientas prioritarias para una toma de conciencia social que deber\u00eda ayudar a pensar en c\u00f3mo defender la idea de \u00abbien com\u00fan\u00bb. Creo imprescindible hacer este an\u00e1lisis en un momento de [&hellip;]<\/p>\n","protected":false},"author":4,"featured_media":0,"comment_status":"open","ping_status":"open","sticky":false,"template":"","format":"standard","meta":{"footnotes":""},"categories":[21,8,18],"tags":[24],"class_list":["post-915","post","type-post","status-publish","format-standard","hentry","category-capitulos-de-libro","category-noticias","category-publicaciones","tag-agustin-garcia-matilla"],"_links":{"self":[{"href":"https:\/\/www.educacionmediatica.es\/index.php\/wp-json\/wp\/v2\/posts\/915","targetHints":{"allow":["GET"]}}],"collection":[{"href":"https:\/\/www.educacionmediatica.es\/index.php\/wp-json\/wp\/v2\/posts"}],"about":[{"href":"https:\/\/www.educacionmediatica.es\/index.php\/wp-json\/wp\/v2\/types\/post"}],"author":[{"embeddable":true,"href":"https:\/\/www.educacionmediatica.es\/index.php\/wp-json\/wp\/v2\/users\/4"}],"replies":[{"embeddable":true,"href":"https:\/\/www.educacionmediatica.es\/index.php\/wp-json\/wp\/v2\/comments?post=915"}],"version-history":[{"count":1,"href":"https:\/\/www.educacionmediatica.es\/index.php\/wp-json\/wp\/v2\/posts\/915\/revisions"}],"predecessor-version":[{"id":917,"href":"https:\/\/www.educacionmediatica.es\/index.php\/wp-json\/wp\/v2\/posts\/915\/revisions\/917"}],"wp:attachment":[{"href":"https:\/\/www.educacionmediatica.es\/index.php\/wp-json\/wp\/v2\/media?parent=915"}],"wp:term":[{"taxonomy":"category","embeddable":true,"href":"https:\/\/www.educacionmediatica.es\/index.php\/wp-json\/wp\/v2\/categories?post=915"},{"taxonomy":"post_tag","embeddable":true,"href":"https:\/\/www.educacionmediatica.es\/index.php\/wp-json\/wp\/v2\/tags?post=915"}],"curies":[{"name":"wp","href":"https:\/\/api.w.org\/{rel}","templated":true}]}}