{"id":921,"date":"2022-04-03T07:56:00","date_gmt":"2022-04-03T07:56:00","guid":{"rendered":"https:\/\/www.educacionmediatica.es\/?p=921"},"modified":"2023-07-03T08:03:51","modified_gmt":"2023-07-03T08:03:51","slug":"el-uso-de-internet-y-videojuegos-en-educacion-primaria-un-estudio-exploratorio","status":"publish","type":"post","link":"https:\/\/www.educacionmediatica.es\/index.php\/2022\/04\/03\/el-uso-de-internet-y-videojuegos-en-educacion-primaria-un-estudio-exploratorio\/","title":{"rendered":"El uso de internet y videojuegos en educaci\u00f3n primaria. Un estudio exploratorio"},"content":{"rendered":"\n<p>Cap\u00edtulo de libro de la investigadora de Intern\u00e9tica Ruth Pinedo en el libro Uso de las redes sociales en el \u00e1mbito de la educomunicaci\u00f3n<\/p>\n\n\n\n<p>Gil-Puente, C., Pinedo, R., Monjas, C. y Villar, A. (2022). El uso de internet y videojuegos en Educaci\u00f3n Primaria. Un estudio Exploratorio. En J. Sierra y I.A. V\u00e1zquez (Eds.), Uso de las redes sociales en el \u00e1mbito<br>de la Educomunicaci\u00f3n (pp. 387-397). Madrid: McGrawHill<\/p>\n","protected":false},"excerpt":{"rendered":"<p>Cap\u00edtulo de libro de la investigadora de Intern\u00e9tica Ruth Pinedo en el libro Uso de las redes sociales en el \u00e1mbito de la educomunicaci\u00f3n Gil-Puente, C., Pinedo, R., Monjas, C. y Villar, A. (2022). El uso de internet y videojuegos en Educaci\u00f3n Primaria. Un estudio Exploratorio. En J. Sierra y I.A. V\u00e1zquez (Eds.), Uso de [&hellip;]<\/p>\n","protected":false},"author":4,"featured_media":0,"comment_status":"open","ping_status":"open","sticky":false,"template":"","format":"standard","meta":{"footnotes":""},"categories":[21,8,18],"tags":[40],"class_list":["post-921","post","type-post","status-publish","format-standard","hentry","category-capitulos-de-libro","category-noticias","category-publicaciones","tag-ruth-pinedo"],"_links":{"self":[{"href":"https:\/\/www.educacionmediatica.es\/index.php\/wp-json\/wp\/v2\/posts\/921","targetHints":{"allow":["GET"]}}],"collection":[{"href":"https:\/\/www.educacionmediatica.es\/index.php\/wp-json\/wp\/v2\/posts"}],"about":[{"href":"https:\/\/www.educacionmediatica.es\/index.php\/wp-json\/wp\/v2\/types\/post"}],"author":[{"embeddable":true,"href":"https:\/\/www.educacionmediatica.es\/index.php\/wp-json\/wp\/v2\/users\/4"}],"replies":[{"embeddable":true,"href":"https:\/\/www.educacionmediatica.es\/index.php\/wp-json\/wp\/v2\/comments?post=921"}],"version-history":[{"count":1,"href":"https:\/\/www.educacionmediatica.es\/index.php\/wp-json\/wp\/v2\/posts\/921\/revisions"}],"predecessor-version":[{"id":922,"href":"https:\/\/www.educacionmediatica.es\/index.php\/wp-json\/wp\/v2\/posts\/921\/revisions\/922"}],"wp:attachment":[{"href":"https:\/\/www.educacionmediatica.es\/index.php\/wp-json\/wp\/v2\/media?parent=921"}],"wp:term":[{"taxonomy":"category","embeddable":true,"href":"https:\/\/www.educacionmediatica.es\/index.php\/wp-json\/wp\/v2\/categories?post=921"},{"taxonomy":"post_tag","embeddable":true,"href":"https:\/\/www.educacionmediatica.es\/index.php\/wp-json\/wp\/v2\/tags?post=921"}],"curies":[{"name":"wp","href":"https:\/\/api.w.org\/{rel}","templated":true}]}}