{"id":926,"date":"2021-09-06T08:19:00","date_gmt":"2021-09-06T08:19:00","guid":{"rendered":"https:\/\/www.educacionmediatica.es\/?p=926"},"modified":"2023-07-03T08:28:12","modified_gmt":"2023-07-03T08:28:12","slug":"competencias-mediatica-y-digital-en-la-formacion-del-profesoradoimplicaciones-curriculares-de-una-inevitable-convergencia","status":"publish","type":"post","link":"https:\/\/www.educacionmediatica.es\/index.php\/2021\/09\/06\/competencias-mediatica-y-digital-en-la-formacion-del-profesoradoimplicaciones-curriculares-de-una-inevitable-convergencia\/","title":{"rendered":"Competencias medi\u00e1tica y digital en la formaci\u00f3n del profesorado:implicaciones curriculares de una inevitable convergencia"},"content":{"rendered":"<div class=\"wp-block-image\">\n<figure class=\"aligncenter size-full is-resized\"><img loading=\"lazy\" decoding=\"async\" src=\"https:\/\/www.educacionmediatica.es\/wp-content\/uploads\/2023\/07\/imagen-2.png\" alt=\"\" class=\"wp-image-927\" width=\"239\" height=\"344\" srcset=\"https:\/\/www.educacionmediatica.es\/wp-content\/uploads\/2023\/07\/imagen-2.png 552w, https:\/\/www.educacionmediatica.es\/wp-content\/uploads\/2023\/07\/imagen-2-208x300.png 208w\" sizes=\"auto, (max-width: 239px) 100vw, 239px\" \/><\/figure><\/div>\n\n\n<p>Capitulo de libro del investigador principal del proyecto Intern\u00e9tica Alfonso Guti\u00e9rrez Mart\u00edn.<\/p>\n\n\n\n<p>Guti\u00e9rrez-Mart\u00edn, A. (2021). Competencias medi\u00e1tica y digital en la formaci\u00f3n del profesorado:implicaciones curriculares de una inevitable convergencia. En \u201cEDUCOMUNICACI\u00d3N Y  EMPODERAMIENTOEN EL NUEVO MUNDO POST-COVID\u201d. Editores IGNACIO AGUADED y M. AMOR P\u00c9REZ-RODR\u00cdGUEZ. TirantLo Blanch (pp. 103-122).<\/p>\n","protected":false},"excerpt":{"rendered":"<p>Capitulo de libro del investigador principal del proyecto Intern\u00e9tica Alfonso Guti\u00e9rrez Mart\u00edn. Guti\u00e9rrez-Mart\u00edn, A. (2021). Competencias medi\u00e1tica y digital en la formaci\u00f3n del profesorado:implicaciones curriculares de una inevitable convergencia. En \u201cEDUCOMUNICACI\u00d3N Y EMPODERAMIENTOEN EL NUEVO MUNDO POST-COVID\u201d. Editores IGNACIO AGUADED y M. AMOR P\u00c9REZ-RODR\u00cdGUEZ. TirantLo Blanch (pp. 103-122).<\/p>\n","protected":false},"author":4,"featured_media":0,"comment_status":"open","ping_status":"open","sticky":false,"template":"","format":"standard","meta":{"footnotes":""},"categories":[21,18],"tags":[39],"class_list":["post-926","post","type-post","status-publish","format-standard","hentry","category-capitulos-de-libro","category-publicaciones","tag-alfonso-guitierrez"],"_links":{"self":[{"href":"https:\/\/www.educacionmediatica.es\/index.php\/wp-json\/wp\/v2\/posts\/926","targetHints":{"allow":["GET"]}}],"collection":[{"href":"https:\/\/www.educacionmediatica.es\/index.php\/wp-json\/wp\/v2\/posts"}],"about":[{"href":"https:\/\/www.educacionmediatica.es\/index.php\/wp-json\/wp\/v2\/types\/post"}],"author":[{"embeddable":true,"href":"https:\/\/www.educacionmediatica.es\/index.php\/wp-json\/wp\/v2\/users\/4"}],"replies":[{"embeddable":true,"href":"https:\/\/www.educacionmediatica.es\/index.php\/wp-json\/wp\/v2\/comments?post=926"}],"version-history":[{"count":1,"href":"https:\/\/www.educacionmediatica.es\/index.php\/wp-json\/wp\/v2\/posts\/926\/revisions"}],"predecessor-version":[{"id":928,"href":"https:\/\/www.educacionmediatica.es\/index.php\/wp-json\/wp\/v2\/posts\/926\/revisions\/928"}],"wp:attachment":[{"href":"https:\/\/www.educacionmediatica.es\/index.php\/wp-json\/wp\/v2\/media?parent=926"}],"wp:term":[{"taxonomy":"category","embeddable":true,"href":"https:\/\/www.educacionmediatica.es\/index.php\/wp-json\/wp\/v2\/categories?post=926"},{"taxonomy":"post_tag","embeddable":true,"href":"https:\/\/www.educacionmediatica.es\/index.php\/wp-json\/wp\/v2\/tags?post=926"}],"curies":[{"name":"wp","href":"https:\/\/api.w.org\/{rel}","templated":true}]}}