{"id":932,"date":"2022-07-03T08:36:00","date_gmt":"2022-07-03T08:36:00","guid":{"rendered":"https:\/\/www.educacionmediatica.es\/?p=932"},"modified":"2023-07-03T09:05:02","modified_gmt":"2023-07-03T09:05:02","slug":"ict-and-media-education-curriculum-for-teachers-in-the-post-truth-era","status":"publish","type":"post","link":"https:\/\/www.educacionmediatica.es\/index.php\/2022\/07\/03\/ict-and-media-education-curriculum-for-teachers-in-the-post-truth-era\/","title":{"rendered":"ICT and Media Education Curriculum for Teachers in the Post-Truth Era"},"content":{"rendered":"\n<p>Cap\u00edtulo del libro Media Literazy, Equity and Justice de los investigadores de Intern\u00e9tica Alfonso Gutierrez y Alba Torrego.<\/p>\n\n\n\n<p>Teacher education is in dire need of consistent criteria that can circumscribe a critical approach to media education and digital literacy in the age of post-truth. This proposal offers a nuanced view of the difference between training teachers for the use of ICT (or the so-called \u201cdigital competence\u201d) and teacher training in media education. We argue that, in order to address professional training for educators and, more specifically, the initial training of teachers in media education, it is imperative to clarify concepts, avoid reductionism, and design concrete, feasible plans. Prioritizing technical training is among the most frequent types of reductionism, and this can be detrimental to more critical and reflective approaches. In general, teacher training focuses on the mastery of educational technology rather than media education. Moreover, ICT approaches focus on \u201clearning to know\u201d and \u201clearning to do\u201d rather than \u201clearning to live together\u201d and \u201clearning to be.\u201d As a result, attitudes and values tend to be relegated to the background. In this chapter, we propose new approaches to media education research and a revamped ICT and media education curriculum model for teacher training, more suitable to the post-truth era.<\/p>\n\n\n\n<p>Guti\u00e9rrez-Mart\u00edn, A. &amp; Torrego-Gonz\u00e1lez, A. (2022) ICT and Media Education Curriculum for Teachers in the Post-Truth Era. In Media Literacy, Equity, and Justice. Edited By Belinha S. De Abreu. Routledge. Taylor and Francis Group. PP. 33-43<\/p>\n","protected":false},"excerpt":{"rendered":"<p>Cap\u00edtulo del libro Media Literazy, Equity and Justice de los investigadores de Intern\u00e9tica Alfonso Gutierrez y Alba Torrego. Teacher education is in dire need of consistent criteria that can circumscribe a critical approach to media education and digital literacy in the age of post-truth. This proposal offers a nuanced view of the difference between training [&hellip;]<\/p>\n","protected":false},"author":4,"featured_media":0,"comment_status":"closed","ping_status":"open","sticky":false,"template":"","format":"standard","meta":{"footnotes":""},"categories":[21,18],"tags":[32,39],"class_list":["post-932","post","type-post","status-publish","format-standard","hentry","category-capitulos-de-libro","category-publicaciones","tag-alba-torrego","tag-alfonso-guitierrez"],"_links":{"self":[{"href":"https:\/\/www.educacionmediatica.es\/index.php\/wp-json\/wp\/v2\/posts\/932","targetHints":{"allow":["GET"]}}],"collection":[{"href":"https:\/\/www.educacionmediatica.es\/index.php\/wp-json\/wp\/v2\/posts"}],"about":[{"href":"https:\/\/www.educacionmediatica.es\/index.php\/wp-json\/wp\/v2\/types\/post"}],"author":[{"embeddable":true,"href":"https:\/\/www.educacionmediatica.es\/index.php\/wp-json\/wp\/v2\/users\/4"}],"replies":[{"embeddable":true,"href":"https:\/\/www.educacionmediatica.es\/index.php\/wp-json\/wp\/v2\/comments?post=932"}],"version-history":[{"count":2,"href":"https:\/\/www.educacionmediatica.es\/index.php\/wp-json\/wp\/v2\/posts\/932\/revisions"}],"predecessor-version":[{"id":939,"href":"https:\/\/www.educacionmediatica.es\/index.php\/wp-json\/wp\/v2\/posts\/932\/revisions\/939"}],"wp:attachment":[{"href":"https:\/\/www.educacionmediatica.es\/index.php\/wp-json\/wp\/v2\/media?parent=932"}],"wp:term":[{"taxonomy":"category","embeddable":true,"href":"https:\/\/www.educacionmediatica.es\/index.php\/wp-json\/wp\/v2\/categories?post=932"},{"taxonomy":"post_tag","embeddable":true,"href":"https:\/\/www.educacionmediatica.es\/index.php\/wp-json\/wp\/v2\/tags?post=932"}],"curies":[{"name":"wp","href":"https:\/\/api.w.org\/{rel}","templated":true}]}}