{"id":948,"date":"2021-09-03T12:57:00","date_gmt":"2021-09-03T12:57:00","guid":{"rendered":"https:\/\/www.educacionmediatica.es\/?p=948"},"modified":"2023-07-03T13:01:47","modified_gmt":"2023-07-03T13:01:47","slug":"redes-y-prosumers-en-la-construccion-de-la-realidadel-caso-blacklivesmatter","status":"publish","type":"post","link":"https:\/\/www.educacionmediatica.es\/index.php\/2021\/09\/03\/redes-y-prosumers-en-la-construccion-de-la-realidadel-caso-blacklivesmatter\/","title":{"rendered":"Redes y prosumers en la construcci\u00f3n de la realidad:el caso #Blacklivesmatter"},"content":{"rendered":"\n<p>Art\u00edculo de libro de los investigadores de Intern\u00e9tica, Laura Picazo y Alfonso Guti\u00e9rrez. <\/p>\n\n\n\n<p>Picazo-Sanchez, L. &amp; Gutierrez-Martin, A. (2021). Redes y prosumers en la construcci\u00f3n de la realidad: el caso #Blacklivesmatter. En Sierra S\u00e1nchez, J. &amp; Barrientos B\u00e1ez, A. (coord..). Cosmovisi\u00f3n de la comunicaci\u00f3n en redes sociales en la era postdigital. McGraw Hill. 1079-1102.<\/p>\n","protected":false},"excerpt":{"rendered":"<p>Art\u00edculo de libro de los investigadores de Intern\u00e9tica, Laura Picazo y Alfonso Guti\u00e9rrez. Picazo-Sanchez, L. &amp; Gutierrez-Martin, A. (2021). Redes y prosumers en la construcci\u00f3n de la realidad: el caso #Blacklivesmatter. En Sierra S\u00e1nchez, J. &amp; Barrientos B\u00e1ez, A. (coord..). Cosmovisi\u00f3n de la comunicaci\u00f3n en redes sociales en la era postdigital. McGraw Hill. 1079-1102.<\/p>\n","protected":false},"author":4,"featured_media":0,"comment_status":"closed","ping_status":"open","sticky":false,"template":"","format":"standard","meta":{"footnotes":""},"categories":[21,18],"tags":[39,48],"class_list":["post-948","post","type-post","status-publish","format-standard","hentry","category-capitulos-de-libro","category-publicaciones","tag-alfonso-guitierrez","tag-laura-picazo-sanchez"],"_links":{"self":[{"href":"https:\/\/www.educacionmediatica.es\/index.php\/wp-json\/wp\/v2\/posts\/948","targetHints":{"allow":["GET"]}}],"collection":[{"href":"https:\/\/www.educacionmediatica.es\/index.php\/wp-json\/wp\/v2\/posts"}],"about":[{"href":"https:\/\/www.educacionmediatica.es\/index.php\/wp-json\/wp\/v2\/types\/post"}],"author":[{"embeddable":true,"href":"https:\/\/www.educacionmediatica.es\/index.php\/wp-json\/wp\/v2\/users\/4"}],"replies":[{"embeddable":true,"href":"https:\/\/www.educacionmediatica.es\/index.php\/wp-json\/wp\/v2\/comments?post=948"}],"version-history":[{"count":1,"href":"https:\/\/www.educacionmediatica.es\/index.php\/wp-json\/wp\/v2\/posts\/948\/revisions"}],"predecessor-version":[{"id":949,"href":"https:\/\/www.educacionmediatica.es\/index.php\/wp-json\/wp\/v2\/posts\/948\/revisions\/949"}],"wp:attachment":[{"href":"https:\/\/www.educacionmediatica.es\/index.php\/wp-json\/wp\/v2\/media?parent=948"}],"wp:term":[{"taxonomy":"category","embeddable":true,"href":"https:\/\/www.educacionmediatica.es\/index.php\/wp-json\/wp\/v2\/categories?post=948"},{"taxonomy":"post_tag","embeddable":true,"href":"https:\/\/www.educacionmediatica.es\/index.php\/wp-json\/wp\/v2\/tags?post=948"}],"curies":[{"name":"wp","href":"https:\/\/api.w.org\/{rel}","templated":true}]}}