{"id":950,"date":"2021-05-03T13:02:00","date_gmt":"2021-05-03T13:02:00","guid":{"rendered":"https:\/\/www.educacionmediatica.es\/?p=950"},"modified":"2023-07-03T13:06:04","modified_gmt":"2023-07-03T13:06:04","slug":"yayos-influencers-empoderamiento-de-la-tercera-edad-a-traves-de-las-redes-sociales","status":"publish","type":"post","link":"https:\/\/www.educacionmediatica.es\/index.php\/2021\/05\/03\/yayos-influencers-empoderamiento-de-la-tercera-edad-a-traves-de-las-redes-sociales\/","title":{"rendered":"Yayos influencers. Empoderamiento de la tercera edad a trav\u00e9s de las redes sociales"},"content":{"rendered":"\n<p>Cap\u00edtulo de libro de los investigadores del proyecto Intern\u00e9tica Laura Picazo y David Garc\u00eda. <\/p>\n\n\n\n<p>Picazo-Sanchez, L. &amp; Garc\u00eda-Mar\u00edn, D. (2021). Yayos influencers. Empoderamiento de la tercera edad a trav\u00e9s de las redes sociales. En \u201cINCLUSI\u00d3N Y ACTIVISMO DIGITAL: PARTICIPACI\u00d3N CIUDADANA Y EMPODERAMIENTO DESDE LA DIVERSIDAD\u201c. Coordinadores: M. CRUZ TORNAY-M\u00c1RQUEZ, IV\u00c1N S\u00c1NCHEZ-L\u00d3PEZ, DANIELA JARAMILLO-DENT. Dikinson, S.L. (146-166)<\/p>\n","protected":false},"excerpt":{"rendered":"<p>Cap\u00edtulo de libro de los investigadores del proyecto Intern\u00e9tica Laura Picazo y David Garc\u00eda. Picazo-Sanchez, L. &amp; Garc\u00eda-Mar\u00edn, D. (2021). Yayos influencers. Empoderamiento de la tercera edad a trav\u00e9s de las redes sociales. En \u201cINCLUSI\u00d3N Y ACTIVISMO DIGITAL: PARTICIPACI\u00d3N CIUDADANA Y EMPODERAMIENTO DESDE LA DIVERSIDAD\u201c. Coordinadores: M. CRUZ TORNAY-M\u00c1RQUEZ, IV\u00c1N S\u00c1NCHEZ-L\u00d3PEZ, DANIELA JARAMILLO-DENT. Dikinson, S.L. [&hellip;]<\/p>\n","protected":false},"author":4,"featured_media":0,"comment_status":"closed","ping_status":"open","sticky":false,"template":"","format":"standard","meta":{"footnotes":""},"categories":[21,18],"tags":[34,48],"class_list":["post-950","post","type-post","status-publish","format-standard","hentry","category-capitulos-de-libro","category-publicaciones","tag-david-garcia","tag-laura-picazo-sanchez"],"_links":{"self":[{"href":"https:\/\/www.educacionmediatica.es\/index.php\/wp-json\/wp\/v2\/posts\/950","targetHints":{"allow":["GET"]}}],"collection":[{"href":"https:\/\/www.educacionmediatica.es\/index.php\/wp-json\/wp\/v2\/posts"}],"about":[{"href":"https:\/\/www.educacionmediatica.es\/index.php\/wp-json\/wp\/v2\/types\/post"}],"author":[{"embeddable":true,"href":"https:\/\/www.educacionmediatica.es\/index.php\/wp-json\/wp\/v2\/users\/4"}],"replies":[{"embeddable":true,"href":"https:\/\/www.educacionmediatica.es\/index.php\/wp-json\/wp\/v2\/comments?post=950"}],"version-history":[{"count":1,"href":"https:\/\/www.educacionmediatica.es\/index.php\/wp-json\/wp\/v2\/posts\/950\/revisions"}],"predecessor-version":[{"id":951,"href":"https:\/\/www.educacionmediatica.es\/index.php\/wp-json\/wp\/v2\/posts\/950\/revisions\/951"}],"wp:attachment":[{"href":"https:\/\/www.educacionmediatica.es\/index.php\/wp-json\/wp\/v2\/media?parent=950"}],"wp:term":[{"taxonomy":"category","embeddable":true,"href":"https:\/\/www.educacionmediatica.es\/index.php\/wp-json\/wp\/v2\/categories?post=950"},{"taxonomy":"post_tag","embeddable":true,"href":"https:\/\/www.educacionmediatica.es\/index.php\/wp-json\/wp\/v2\/tags?post=950"}],"curies":[{"name":"wp","href":"https:\/\/api.w.org\/{rel}","templated":true}]}}