{"id":952,"date":"2022-08-03T13:07:00","date_gmt":"2022-08-03T13:07:00","guid":{"rendered":"https:\/\/www.educacionmediatica.es\/?p=952"},"modified":"2023-07-03T13:15:05","modified_gmt":"2023-07-03T13:15:05","slug":"viralidad-prosumidores-y-educacion-mediatica-el-caso-de-george-floyd-2","status":"publish","type":"post","link":"https:\/\/www.educacionmediatica.es\/index.php\/2022\/08\/03\/viralidad-prosumidores-y-educacion-mediatica-el-caso-de-george-floyd-2\/","title":{"rendered":"Viralidad, prosumidores y educaci\u00f3n medi\u00e1tica: El caso de George Floyd"},"content":{"rendered":"\n<p>Art\u00edculo publicado en Scientific Journal of Applied Social and Clinical Science de los investigadores del proyecto Intern\u00e9tica, Laura Picazo y Alfonso Guti\u00e9rrez. Al final de la entrada hay un enlace al art\u00edculo completo.<\/p>\n\n\n\n<p>Se parte de influencia de los medios y redes sociales para analizar el  papel de los \u201cprosumers\u201d (productores, reproductores y consumidores) y  su participaci\u00f3n en el fen\u00f3meno viral. Se abordan los conceptos de  \u201cviralidad\u201d y \u201cprosumer\u201d y su importancia en la construcci\u00f3n de la  realidad en la era de la postverdad. La comunicaci\u00f3n viral y el papel de  los emisores, receptores y redifusores se analiza el caso George Floyd,  cuya agresi\u00f3n mortal en plena crisis sanitaria por la Covid-19,  desencadena una expansi\u00f3n de reacciones y manifestaciones antirracistas,  virtuales en las redes sociales y reales en las calles de numerosos  pa\u00edses. Se realiza una observaci\u00f3n de los acontecimientos  desencadenados, asociados a contenidos virales. A trav\u00e9s del an\u00e1lisis de  dichos contenidos y de su repercusi\u00f3n, se buscan las claves que han  permitido el \u00e9xito de estos mensajes y los modelos de comportamiento que  transmiten. Para ello, se realiza un estudio temporal de los eventos  m\u00e1s destacables e influyentes entre el 25 de mayo y el 5 de junio de  2020, de su contenido, evento asociado, modelo de comportamiento  indicado e implicaciones para la educaci\u00f3n medi\u00e1tica. Se analiza la  competencia medi\u00e1tica requerida al ciudadano del siglo XXI tanto en su  rol de prosumer o emirec (emisor-receptor) en el ciberespacio, como en  su papel de ciudadano responsable que contribuya a la creaci\u00f3n de unos  medios de comunicaci\u00f3n de servicio p\u00fablico<\/p>\n\n\n\n<p>Picazo-S\u00e1nchez, Guti\u00e9rrez-Mart\u00edn, A. (2022). VIRALIDAD, PROSUMIDORES Y EDUCACI\u00d3N MEDI\u00c1TICA: EL<br>CASO DE GEORGE FLOYD. Scientific Journal of Applied Social and Clinical Science, Volume 2, pp 2-13;<br><a href=\"https:\/\/doi.org\/10.22533\/at.ed.216222230017\">https:\/\/doi.org\/10.22533\/at.ed.216222230017<\/a><\/p>\n","protected":false},"excerpt":{"rendered":"<p>Art\u00edculo publicado en Scientific Journal of Applied Social and Clinical Science de los investigadores del proyecto Intern\u00e9tica, Laura Picazo y Alfonso Guti\u00e9rrez. Al final de la entrada hay un enlace al art\u00edculo completo. Se parte de influencia de los medios y redes sociales para analizar el papel de los \u201cprosumers\u201d (productores, reproductores y consumidores) y [&hellip;]<\/p>\n","protected":false},"author":4,"featured_media":0,"comment_status":"closed","ping_status":"open","sticky":false,"template":"","format":"standard","meta":{"footnotes":""},"categories":[20,18],"tags":[39,48],"class_list":["post-952","post","type-post","status-publish","format-standard","hentry","category-articulos","category-publicaciones","tag-alfonso-guitierrez","tag-laura-picazo-sanchez"],"_links":{"self":[{"href":"https:\/\/www.educacionmediatica.es\/index.php\/wp-json\/wp\/v2\/posts\/952","targetHints":{"allow":["GET"]}}],"collection":[{"href":"https:\/\/www.educacionmediatica.es\/index.php\/wp-json\/wp\/v2\/posts"}],"about":[{"href":"https:\/\/www.educacionmediatica.es\/index.php\/wp-json\/wp\/v2\/types\/post"}],"author":[{"embeddable":true,"href":"https:\/\/www.educacionmediatica.es\/index.php\/wp-json\/wp\/v2\/users\/4"}],"replies":[{"embeddable":true,"href":"https:\/\/www.educacionmediatica.es\/index.php\/wp-json\/wp\/v2\/comments?post=952"}],"version-history":[{"count":1,"href":"https:\/\/www.educacionmediatica.es\/index.php\/wp-json\/wp\/v2\/posts\/952\/revisions"}],"predecessor-version":[{"id":953,"href":"https:\/\/www.educacionmediatica.es\/index.php\/wp-json\/wp\/v2\/posts\/952\/revisions\/953"}],"wp:attachment":[{"href":"https:\/\/www.educacionmediatica.es\/index.php\/wp-json\/wp\/v2\/media?parent=952"}],"wp:term":[{"taxonomy":"category","embeddable":true,"href":"https:\/\/www.educacionmediatica.es\/index.php\/wp-json\/wp\/v2\/categories?post=952"},{"taxonomy":"post_tag","embeddable":true,"href":"https:\/\/www.educacionmediatica.es\/index.php\/wp-json\/wp\/v2\/tags?post=952"}],"curies":[{"name":"wp","href":"https:\/\/api.w.org\/{rel}","templated":true}]}}