{"id":954,"date":"2022-08-03T13:15:00","date_gmt":"2022-08-03T13:15:00","guid":{"rendered":"https:\/\/www.educacionmediatica.es\/?p=954"},"modified":"2023-07-03T13:26:40","modified_gmt":"2023-07-03T13:26:40","slug":"uso-de-internet-y-redes-sociales-en-educacion-primaria-un-estudio-exploratorio","status":"publish","type":"post","link":"https:\/\/www.educacionmediatica.es\/index.php\/2022\/08\/03\/uso-de-internet-y-redes-sociales-en-educacion-primaria-un-estudio-exploratorio\/","title":{"rendered":"Uso de internet y redes sociales en Educaci\u00f3n Primaria. Un estudio exploratorio"},"content":{"rendered":"\n<p>Comunicaci\u00f3n de la investigadora del proyecto Intern\u00e9tica Ruth Pinedo.<\/p>\n\n\n\n<p>Pinedo, R., Gil-Puente, C. y Essalhi, A. (2022). Uso de internet y redes sociales en Educaci\u00f3n Primaria. Un estudio exploratorio. En J. Sierra y I.A. V\u00e1zquez (Eds.), Uso de las redes sociales en el \u00e1mbito de la Educomunicaci\u00f3n (pp. 333- 344). Madrid: McGrawHill<\/p>\n","protected":false},"excerpt":{"rendered":"<p>Comunicaci\u00f3n de la investigadora del proyecto Intern\u00e9tica Ruth Pinedo. Pinedo, R., Gil-Puente, C. y Essalhi, A. (2022). Uso de internet y redes sociales en Educaci\u00f3n Primaria. Un estudio exploratorio. En J. Sierra y I.A. V\u00e1zquez (Eds.), Uso de las redes sociales en el \u00e1mbito de la Educomunicaci\u00f3n (pp. 333- 344). Madrid: McGrawHill<\/p>\n","protected":false},"author":4,"featured_media":0,"comment_status":"closed","ping_status":"open","sticky":false,"template":"","format":"standard","meta":{"footnotes":""},"categories":[22,18],"tags":[40],"class_list":["post-954","post","type-post","status-publish","format-standard","hentry","category-congresos","category-publicaciones","tag-ruth-pinedo"],"_links":{"self":[{"href":"https:\/\/www.educacionmediatica.es\/index.php\/wp-json\/wp\/v2\/posts\/954","targetHints":{"allow":["GET"]}}],"collection":[{"href":"https:\/\/www.educacionmediatica.es\/index.php\/wp-json\/wp\/v2\/posts"}],"about":[{"href":"https:\/\/www.educacionmediatica.es\/index.php\/wp-json\/wp\/v2\/types\/post"}],"author":[{"embeddable":true,"href":"https:\/\/www.educacionmediatica.es\/index.php\/wp-json\/wp\/v2\/users\/4"}],"replies":[{"embeddable":true,"href":"https:\/\/www.educacionmediatica.es\/index.php\/wp-json\/wp\/v2\/comments?post=954"}],"version-history":[{"count":1,"href":"https:\/\/www.educacionmediatica.es\/index.php\/wp-json\/wp\/v2\/posts\/954\/revisions"}],"predecessor-version":[{"id":955,"href":"https:\/\/www.educacionmediatica.es\/index.php\/wp-json\/wp\/v2\/posts\/954\/revisions\/955"}],"wp:attachment":[{"href":"https:\/\/www.educacionmediatica.es\/index.php\/wp-json\/wp\/v2\/media?parent=954"}],"wp:term":[{"taxonomy":"category","embeddable":true,"href":"https:\/\/www.educacionmediatica.es\/index.php\/wp-json\/wp\/v2\/categories?post=954"},{"taxonomy":"post_tag","embeddable":true,"href":"https:\/\/www.educacionmediatica.es\/index.php\/wp-json\/wp\/v2\/tags?post=954"}],"curies":[{"name":"wp","href":"https:\/\/api.w.org\/{rel}","templated":true}]}}