{"id":956,"date":"2022-10-03T13:27:00","date_gmt":"2022-10-03T13:27:00","guid":{"rendered":"https:\/\/www.educacionmediatica.es\/?p=956"},"modified":"2023-07-03T13:32:47","modified_gmt":"2023-07-03T13:32:47","slug":"desinformacion-etica-y-educacion-mediatica-percepciones-del-profesorado-espanol","status":"publish","type":"post","link":"https:\/\/www.educacionmediatica.es\/index.php\/2022\/10\/03\/desinformacion-etica-y-educacion-mediatica-percepciones-del-profesorado-espanol\/","title":{"rendered":"Desinformaci\u00f3n, \u00e9tica y educaci\u00f3n medi\u00e1tica. Percepciones del profesorado espa\u00f1ol"},"content":{"rendered":"\n<p>Art\u00edculo de los investigadores de Intern\u00e9tica, Ruth Pinedo y Alfonso Guti\u00e9rrez.<\/p>\n\n\n\n<p>Distintos organismos internacionales han puesto de manifiesto la importancia educativa de la desinformaci\u00f3n. Con una metodolog\u00eda cuantitativa de tipo descriptivo y correlacional, se comprueba, por una parte, si el profesorado considera tambi\u00e9n importarte abordar el problema de la desinformaci\u00f3n desde la educaci\u00f3n formal. Por otra parte, se trata de averiguar hasta qu\u00e9 punto el profesorado de las distintas etapas educativas se considera competente para ello. Se concluye con la necesidad de formaci\u00f3n espec\u00edfica del profesorado para la implementaci\u00f3n de una educaci\u00f3n medi\u00e1tica y \u00e9tica que ponga el acento en la responsabilidad de todos como receptores, productores y reproductores de informaci\u00f3n.<\/p>\n\n\n\n<p>Pinedo-Gonz\u00e1lez, R., Guti\u00e9rrez-Mart\u00edn, A. &amp; Gil Puente, C. (2022). Desinformaci\u00f3n, \u00e9tica y educaci\u00f3n medi\u00e1tica. Percepciones del profesorado espa\u00f1ol. In Aguaded, I., Vizca\u00edno-Verd\u00fa, A., Hernando-G\u00f3mez, A., &amp; Bonilla-del-R\u00edo, M. (Eds.), Redes sociales y ciudadan\u00eda: Ciberculturas para el aprendizaje (pp. 469-477). Grupo Comunicar Ediciones<\/p>\n","protected":false},"excerpt":{"rendered":"<p>Art\u00edculo de los investigadores de Intern\u00e9tica, Ruth Pinedo y Alfonso Guti\u00e9rrez. Distintos organismos internacionales han puesto de manifiesto la importancia educativa de la desinformaci\u00f3n. Con una metodolog\u00eda cuantitativa de tipo descriptivo y correlacional, se comprueba, por una parte, si el profesorado considera tambi\u00e9n importarte abordar el problema de la desinformaci\u00f3n desde la educaci\u00f3n formal. Por [&hellip;]<\/p>\n","protected":false},"author":4,"featured_media":0,"comment_status":"closed","ping_status":"open","sticky":false,"template":"","format":"standard","meta":{"footnotes":""},"categories":[21,18],"tags":[39,40],"class_list":["post-956","post","type-post","status-publish","format-standard","hentry","category-capitulos-de-libro","category-publicaciones","tag-alfonso-guitierrez","tag-ruth-pinedo"],"_links":{"self":[{"href":"https:\/\/www.educacionmediatica.es\/index.php\/wp-json\/wp\/v2\/posts\/956","targetHints":{"allow":["GET"]}}],"collection":[{"href":"https:\/\/www.educacionmediatica.es\/index.php\/wp-json\/wp\/v2\/posts"}],"about":[{"href":"https:\/\/www.educacionmediatica.es\/index.php\/wp-json\/wp\/v2\/types\/post"}],"author":[{"embeddable":true,"href":"https:\/\/www.educacionmediatica.es\/index.php\/wp-json\/wp\/v2\/users\/4"}],"replies":[{"embeddable":true,"href":"https:\/\/www.educacionmediatica.es\/index.php\/wp-json\/wp\/v2\/comments?post=956"}],"version-history":[{"count":2,"href":"https:\/\/www.educacionmediatica.es\/index.php\/wp-json\/wp\/v2\/posts\/956\/revisions"}],"predecessor-version":[{"id":958,"href":"https:\/\/www.educacionmediatica.es\/index.php\/wp-json\/wp\/v2\/posts\/956\/revisions\/958"}],"wp:attachment":[{"href":"https:\/\/www.educacionmediatica.es\/index.php\/wp-json\/wp\/v2\/media?parent=956"}],"wp:term":[{"taxonomy":"category","embeddable":true,"href":"https:\/\/www.educacionmediatica.es\/index.php\/wp-json\/wp\/v2\/categories?post=956"},{"taxonomy":"post_tag","embeddable":true,"href":"https:\/\/www.educacionmediatica.es\/index.php\/wp-json\/wp\/v2\/tags?post=956"}],"curies":[{"name":"wp","href":"https:\/\/api.w.org\/{rel}","templated":true}]}}