{"id":963,"date":"2023-06-30T09:10:00","date_gmt":"2023-06-30T09:10:00","guid":{"rendered":"https:\/\/www.educacionmediatica.es\/?p=963"},"modified":"2023-07-06T09:14:00","modified_gmt":"2023-07-06T09:14:00","slug":"el-valor-de-lo-prohibido-en-la-campana-realizada-para-promocionar-un-perfume-de-la-marca-givenchy","status":"publish","type":"post","link":"https:\/\/www.educacionmediatica.es\/index.php\/2023\/06\/30\/el-valor-de-lo-prohibido-en-la-campana-realizada-para-promocionar-un-perfume-de-la-marca-givenchy\/","title":{"rendered":"El valor de lo prohibido en la campa\u00f1a realizada para promocionar un perfume de la marca Givenchy"},"content":{"rendered":"\n<p>Art\u00edculo del investigador del proyecto Inten\u00e9tica, Manuel Canga Sosa en la Revista Panamericana de Comunicaci\u00f3n. Al final de la entrada puedes encontrar enlace al art\u00edculo completo.<\/p>\n\n\n\n<p>Este art\u00edculo se inscribe en el contexto de una investigaci\u00f3n sobre la verdad y la \u00e9tica en las redes sociales, y consiste en el an\u00e1lisis de una campa\u00f1a dise\u00f1ada para cuestionar las convenciones y reforzar el papel de la figura femenina, en el marco de una representaci\u00f3n de impecable factura que se ha valido de los recursos expresivos del cinemat\u00f3grafo. Se trata de la campa\u00f1a realizada por la marca Givenchy para promocionar una fragancia denominada <em>L\u00b4Interdit <\/em>que ha sido difundida a trav\u00e9s de diferentes plataformas de comunicaci\u00f3n. El an\u00e1lisis contribuir\u00e1 a conocer mejor las tendencias dominantes de la creatividad actual y abrir un debate sobre las implicaciones \u00e9ticas de unas proposiciones que invitan a rebasar los l\u00edmites. Las herramientas proporcionadas por disciplinas como la semi\u00f3tica, el psicoan\u00e1lisis y la teor\u00eda de la Gestalt ayudar\u00e1n a entender mejor el significado de una producci\u00f3n audiovisual que ha recurrido a una fantas\u00eda de transgresi\u00f3n para\u00a0cautivar a los espectadores y estimular su imaginaci\u00f3n.<\/p>\n\n\n\n<p>Canga Sosa, M. (2023). El valor de lo prohibido en la campa\u00f1a realizada para promocionar un perfume de la marca Givenchy. Estudio de caso. Revista Panamericana De Comunicaci\u00f3n, 5(1), 69\u201382.\u00a0<a href=\"https:\/\/doi.org\/10.21555\/rpc.v5i1.2868\u00a0\">https:\/\/doi.org\/10.21555\/rpc.v5i1.2868\u00a0<\/a><\/p>\n","protected":false},"excerpt":{"rendered":"<p>Art\u00edculo del investigador del proyecto Inten\u00e9tica, Manuel Canga Sosa en la Revista Panamericana de Comunicaci\u00f3n. Al final de la entrada puedes encontrar enlace al art\u00edculo completo. Este art\u00edculo se inscribe en el contexto de una investigaci\u00f3n sobre la verdad y la \u00e9tica en las redes sociales, y consiste en el an\u00e1lisis de una campa\u00f1a dise\u00f1ada [&hellip;]<\/p>\n","protected":false},"author":5,"featured_media":0,"comment_status":"closed","ping_status":"closed","sticky":false,"template":"","format":"standard","meta":{"footnotes":""},"categories":[20,18],"tags":[60],"class_list":["post-963","post","type-post","status-publish","format-standard","hentry","category-articulos","category-publicaciones","tag-manuel-canga"],"_links":{"self":[{"href":"https:\/\/www.educacionmediatica.es\/index.php\/wp-json\/wp\/v2\/posts\/963","targetHints":{"allow":["GET"]}}],"collection":[{"href":"https:\/\/www.educacionmediatica.es\/index.php\/wp-json\/wp\/v2\/posts"}],"about":[{"href":"https:\/\/www.educacionmediatica.es\/index.php\/wp-json\/wp\/v2\/types\/post"}],"author":[{"embeddable":true,"href":"https:\/\/www.educacionmediatica.es\/index.php\/wp-json\/wp\/v2\/users\/5"}],"replies":[{"embeddable":true,"href":"https:\/\/www.educacionmediatica.es\/index.php\/wp-json\/wp\/v2\/comments?post=963"}],"version-history":[{"count":1,"href":"https:\/\/www.educacionmediatica.es\/index.php\/wp-json\/wp\/v2\/posts\/963\/revisions"}],"predecessor-version":[{"id":964,"href":"https:\/\/www.educacionmediatica.es\/index.php\/wp-json\/wp\/v2\/posts\/963\/revisions\/964"}],"wp:attachment":[{"href":"https:\/\/www.educacionmediatica.es\/index.php\/wp-json\/wp\/v2\/media?parent=963"}],"wp:term":[{"taxonomy":"category","embeddable":true,"href":"https:\/\/www.educacionmediatica.es\/index.php\/wp-json\/wp\/v2\/categories?post=963"},{"taxonomy":"post_tag","embeddable":true,"href":"https:\/\/www.educacionmediatica.es\/index.php\/wp-json\/wp\/v2\/tags?post=963"}],"curies":[{"name":"wp","href":"https:\/\/api.w.org\/{rel}","templated":true}]}}