{"id":971,"date":"2023-06-09T09:45:00","date_gmt":"2023-06-09T09:45:00","guid":{"rendered":"https:\/\/www.educacionmediatica.es\/?p=971"},"modified":"2023-07-06T09:50:47","modified_gmt":"2023-07-06T09:50:47","slug":"prohibir-los-bulos-en-las-emergencias-sanitarias-predictores-de-la-opinion-sobre-el-control-de-la-informacion-en-espana","status":"publish","type":"post","link":"https:\/\/www.educacionmediatica.es\/index.php\/2023\/06\/09\/prohibir-los-bulos-en-las-emergencias-sanitarias-predictores-de-la-opinion-sobre-el-control-de-la-informacion-en-espana\/","title":{"rendered":"Prohibir los bulos en las emergencias sanitarias. Predictores de la opini\u00f3n sobre el control de la informaci\u00f3n en Espa\u00f1a."},"content":{"rendered":"\n<p>Art\u00edculo que forma parte del proyecto Intern\u00e9tica, del investigador David Garc\u00eda Mar\u00edn publicado en la revista Estudios sobre el Mensaje Period\u00edstico. Al final de la entrada hay un enlace al art\u00edculo completo.<\/p>\n\n\n\n<p>Se presenta un estudio sobre los factores sociodemogr\u00e1ficos, ideol\u00f3gicos y partidistas que predicen la opini\u00f3n de la ciudadan\u00eda sobre el control gubernamental de la informaci\u00f3n en contexto de emergencia sanitaria en Espa\u00f1a. Se utilizaron los datos del estudio del CIS de abril de 2020, que incluy\u00f3 una controvertida pregunta sobre la prohibici\u00f3n de los bulos durante la pandemia. Se realizaron estudios correlacionales, an\u00e1lisis factorial y regresiones lineales y log\u00edsticas. Aunque los sesgos ideol\u00f3gicos son un fuerte predictor de la opini\u00f3n sobre el control informativo, la afiliaci\u00f3n partidista y ciertos factores sociodemogr\u00e1ficos como el nivel de estudios y la edad tienen mayor influencia en el posicionamiento sobre la medida prohibicionista. Votar a los partidos que forman el Gobierno aumenta un 40% la probabilidad de apoyar la restricci\u00f3n. Tener estudios superiores pr\u00e1cticamente duplica la probabilidad de manifestar una actitud contraria a la eliminaci\u00f3n de las noticias falsas.<\/p>\n\n\n\n<p>Garc\u00eda-Mar\u00edn D. (2023). Prohibir los bulos en las emergencias sanitarias. Predictores de la opini\u00f3n sobre el control de la informaci\u00f3n en Espa\u00f1a. Estudios sobre el Mensaje Period\u00edstico, 29(2), 287-300. <a href=\"https:\/\/doi.org\/10.5209\/esmp.85070\">https:\/\/doi.org\/10.5209\/esmp.85070<\/a><\/p>\n","protected":false},"excerpt":{"rendered":"<p>Art\u00edculo que forma parte del proyecto Intern\u00e9tica, del investigador David Garc\u00eda Mar\u00edn publicado en la revista Estudios sobre el Mensaje Period\u00edstico. Al final de la entrada hay un enlace al art\u00edculo completo. Se presenta un estudio sobre los factores sociodemogr\u00e1ficos, ideol\u00f3gicos y partidistas que predicen la opini\u00f3n de la ciudadan\u00eda sobre el control gubernamental de [&hellip;]<\/p>\n","protected":false},"author":4,"featured_media":0,"comment_status":"closed","ping_status":"open","sticky":false,"template":"","format":"standard","meta":{"footnotes":""},"categories":[20,18],"tags":[34],"class_list":["post-971","post","type-post","status-publish","format-standard","hentry","category-articulos","category-publicaciones","tag-david-garcia"],"_links":{"self":[{"href":"https:\/\/www.educacionmediatica.es\/index.php\/wp-json\/wp\/v2\/posts\/971","targetHints":{"allow":["GET"]}}],"collection":[{"href":"https:\/\/www.educacionmediatica.es\/index.php\/wp-json\/wp\/v2\/posts"}],"about":[{"href":"https:\/\/www.educacionmediatica.es\/index.php\/wp-json\/wp\/v2\/types\/post"}],"author":[{"embeddable":true,"href":"https:\/\/www.educacionmediatica.es\/index.php\/wp-json\/wp\/v2\/users\/4"}],"replies":[{"embeddable":true,"href":"https:\/\/www.educacionmediatica.es\/index.php\/wp-json\/wp\/v2\/comments?post=971"}],"version-history":[{"count":1,"href":"https:\/\/www.educacionmediatica.es\/index.php\/wp-json\/wp\/v2\/posts\/971\/revisions"}],"predecessor-version":[{"id":972,"href":"https:\/\/www.educacionmediatica.es\/index.php\/wp-json\/wp\/v2\/posts\/971\/revisions\/972"}],"wp:attachment":[{"href":"https:\/\/www.educacionmediatica.es\/index.php\/wp-json\/wp\/v2\/media?parent=971"}],"wp:term":[{"taxonomy":"category","embeddable":true,"href":"https:\/\/www.educacionmediatica.es\/index.php\/wp-json\/wp\/v2\/categories?post=971"},{"taxonomy":"post_tag","embeddable":true,"href":"https:\/\/www.educacionmediatica.es\/index.php\/wp-json\/wp\/v2\/tags?post=971"}],"curies":[{"name":"wp","href":"https:\/\/api.w.org\/{rel}","templated":true}]}}